{"id":986,"date":"2019-09-01T21:13:42","date_gmt":"2019-09-01T20:13:42","guid":{"rendered":"http:\/\/www.acbedoulen.fr\/wp\/?p=986"},"modified":"2019-09-01T21:13:42","modified_gmt":"2019-09-01T20:13:42","slug":"cest-la-reprise-2","status":"publish","type":"post","link":"http:\/\/www.acbedoulen.fr\/wp\/?p=986","title":{"rendered":"C&rsquo;est la reprise !"},"content":{"rendered":"\n<p>L&rsquo;A.C.B. reprend ses activit\u00e9s r\u00e9guli\u00e8res le samedi 7 septembre, par une sortie VTT au d\u00e9part du si\u00e8ge du club (\u00ab\u00a0pin\u00e8de des pompiers\u00a0\u00bb \/ chemin du stade) \u00e0 13h30.<\/p>\n\n\n\n<p>Une sortie de (re)prise de contact, qui sera l&rsquo;occasion d&rsquo;accueillir les nouveaux membres.<\/p>\n\n\n\n<p>Pour rappel, les week-ends se d\u00e9roulent g\u00e9n\u00e9ralement comme suit:<br>&#8211; samedi matin, sortie route<br>&#8211; samedi apr\u00e8s-midi, sortie VTT encadr\u00e9e, pour les 8-17 ans<br>&#8211; dimanche matin: sortie VTT pour les grands<\/p>\n\n\n\n<blockquote class=\"wp-block-quote is-layout-flow wp-block-quote-is-layout-flow\"><p>Nous serons \u00e9galement pr\u00e9sents au <a href=\"http:\/\/www.roquefort-labedoule.fr\/fr\/loisirs\/festivites-agenda\/id-634-forum-des-associations\">forum des associations<\/a> le samedi matin: au plaisir de vous y rencontrer !<\/p><\/blockquote>\n","protected":false},"excerpt":{"rendered":"<p>L&rsquo;A.C.B. reprend ses activit\u00e9s r\u00e9guli\u00e8res le samedi 7 septembre, par une sortie VTT au d\u00e9part du si\u00e8ge du club (\u00ab\u00a0pin\u00e8de des pompiers\u00a0\u00bb \/ chemin du stade) \u00e0 13h30. Une sortie de (re)prise de contact, qui sera l&rsquo;occasion d&rsquo;accueillir les nouveaux membres. Pour rappel, les week-ends se d\u00e9roulent g\u00e9n\u00e9ralement comme suit:&#8211; samedi matin, sortie route&#8211; samedi [&hellip;]<\/p>\n","protected":false},"author":1,"featured_media":0,"comment_status":"closed","ping_status":"open","sticky":false,"template":"","format":"standard","meta":{"footnotes":""},"categories":[1],"tags":[28,9,17,7],"class_list":["post-986","post","type-post","status-publish","format-standard","hentry","category-non-classe","tag-jeunes","tag-route","tag-sortie","tag-vtt"],"_links":{"self":[{"href":"http:\/\/www.acbedoulen.fr\/wp\/index.php?rest_route=\/wp\/v2\/posts\/986","targetHints":{"allow":["GET"]}}],"collection":[{"href":"http:\/\/www.acbedoulen.fr\/wp\/index.php?rest_route=\/wp\/v2\/posts"}],"about":[{"href":"http:\/\/www.acbedoulen.fr\/wp\/index.php?rest_route=\/wp\/v2\/types\/post"}],"author":[{"embeddable":true,"href":"http:\/\/www.acbedoulen.fr\/wp\/index.php?rest_route=\/wp\/v2\/users\/1"}],"replies":[{"embeddable":true,"href":"http:\/\/www.acbedoulen.fr\/wp\/index.php?rest_route=%2Fwp%2Fv2%2Fcomments&post=986"}],"version-history":[{"count":1,"href":"http:\/\/www.acbedoulen.fr\/wp\/index.php?rest_route=\/wp\/v2\/posts\/986\/revisions"}],"predecessor-version":[{"id":990,"href":"http:\/\/www.acbedoulen.fr\/wp\/index.php?rest_route=\/wp\/v2\/posts\/986\/revisions\/990"}],"wp:attachment":[{"href":"http:\/\/www.acbedoulen.fr\/wp\/index.php?rest_route=%2Fwp%2Fv2%2Fmedia&parent=986"}],"wp:term":[{"taxonomy":"category","embeddable":true,"href":"http:\/\/www.acbedoulen.fr\/wp\/index.php?rest_route=%2Fwp%2Fv2%2Fcategories&post=986"},{"taxonomy":"post_tag","embeddable":true,"href":"http:\/\/www.acbedoulen.fr\/wp\/index.php?rest_route=%2Fwp%2Fv2%2Ftags&post=986"}],"curies":[{"name":"wp","href":"https:\/\/api.w.org\/{rel}","templated":true}]}}