{"id":971,"date":"2019-04-10T09:21:04","date_gmt":"2019-04-10T08:21:04","guid":{"rendered":"http:\/\/www.acbedoulen.fr\/wp\/?p=971"},"modified":"2019-04-10T09:21:11","modified_gmt":"2019-04-10T08:21:11","slug":"rando-vtt-bientot-la-provencale-2019","status":"publish","type":"post","link":"http:\/\/www.acbedoulen.fr\/wp\/?p=971","title":{"rendered":"Rando VTT: bient\u00f4t La Proven\u00e7ale 2019 !"},"content":{"rendered":"\n<p>Le dimanche 12 mai, l&rsquo;A.C.B. vous guidera sur l&rsquo;un des 5 trac\u00e9s que nous vous avons pr\u00e9par\u00e9s, de 10 Km \u00e0 45 Km. Pensez \u00e0 vous inscrire avant le 9 mai. <\/p>\n\n\n\n<blockquote class=\"wp-block-quote is-layout-flow wp-block-quote-is-layout-flow\"><p><a href=\"http:\/\/www.acbedoulen.fr\/wp\/?page_id=84\">Toutes les informations sur cette page<\/a>.<\/p><\/blockquote>\n","protected":false},"excerpt":{"rendered":"<p>Le dimanche 12 mai, l&rsquo;A.C.B. vous guidera sur l&rsquo;un des 5 trac\u00e9s que nous vous avons pr\u00e9par\u00e9s, de 10 Km \u00e0 45 Km. Pensez \u00e0 vous inscrire avant le 9 mai. Toutes les informations sur cette page.<\/p>\n","protected":false},"author":1,"featured_media":0,"comment_status":"closed","ping_status":"open","sticky":false,"template":"","format":"standard","meta":{"footnotes":""},"categories":[1],"tags":[],"class_list":["post-971","post","type-post","status-publish","format-standard","hentry","category-non-classe"],"_links":{"self":[{"href":"http:\/\/www.acbedoulen.fr\/wp\/index.php?rest_route=\/wp\/v2\/posts\/971","targetHints":{"allow":["GET"]}}],"collection":[{"href":"http:\/\/www.acbedoulen.fr\/wp\/index.php?rest_route=\/wp\/v2\/posts"}],"about":[{"href":"http:\/\/www.acbedoulen.fr\/wp\/index.php?rest_route=\/wp\/v2\/types\/post"}],"author":[{"embeddable":true,"href":"http:\/\/www.acbedoulen.fr\/wp\/index.php?rest_route=\/wp\/v2\/users\/1"}],"replies":[{"embeddable":true,"href":"http:\/\/www.acbedoulen.fr\/wp\/index.php?rest_route=%2Fwp%2Fv2%2Fcomments&post=971"}],"version-history":[{"count":1,"href":"http:\/\/www.acbedoulen.fr\/wp\/index.php?rest_route=\/wp\/v2\/posts\/971\/revisions"}],"predecessor-version":[{"id":972,"href":"http:\/\/www.acbedoulen.fr\/wp\/index.php?rest_route=\/wp\/v2\/posts\/971\/revisions\/972"}],"wp:attachment":[{"href":"http:\/\/www.acbedoulen.fr\/wp\/index.php?rest_route=%2Fwp%2Fv2%2Fmedia&parent=971"}],"wp:term":[{"taxonomy":"category","embeddable":true,"href":"http:\/\/www.acbedoulen.fr\/wp\/index.php?rest_route=%2Fwp%2Fv2%2Fcategories&post=971"},{"taxonomy":"post_tag","embeddable":true,"href":"http:\/\/www.acbedoulen.fr\/wp\/index.php?rest_route=%2Fwp%2Fv2%2Ftags&post=971"}],"curies":[{"name":"wp","href":"https:\/\/api.w.org\/{rel}","templated":true}]}}