{"id":9453,"date":"2023-10-01T22:15:22","date_gmt":"2023-10-01T21:15:22","guid":{"rendered":"http:\/\/www.acbedoulen.fr\/wp\/?p=9453"},"modified":"2023-10-01T22:15:22","modified_gmt":"2023-10-01T21:15:22","slug":"reprise-des-sorties-vtt","status":"publish","type":"post","link":"http:\/\/www.acbedoulen.fr\/wp\/?p=9453","title":{"rendered":"Reprise des sorties VTT"},"content":{"rendered":"\n<p>Le club a repris ses activit\u00e9s apr\u00e8s sa pause estivale\u2026<\/p>\n\n\n\n<p>Si vous aussi voulez vous joindre \u00e0 nous, vous pouvez contacter Jean-Paul au 06 08 06 77 24, ou Michel au 06 08 32 76 45, ou nous envoyer un e-mail \u00e0 contact@acbedoulen.fr. Mais le mieux, c\u2019est peut-\u00eatre encore de venir nous voir au d\u00e9part des sorties avec les enfants le samedis vers 13h30, devant le club (entre les pompiers et l\u2019\u00e9cole primaire). \u00c0 bient\u00f4t !<\/p>\n","protected":false},"excerpt":{"rendered":"<p>Le club a repris ses activit\u00e9s apr\u00e8s sa pause estivale\u2026 Si vous aussi voulez vous joindre \u00e0 nous, vous pouvez contacter Jean-Paul au 06 08 06 77 24, ou Michel au 06 08 32 76 45, ou nous envoyer un e-mail \u00e0 contact@acbedoulen.fr. Mais le mieux, c\u2019est peut-\u00eatre encore de venir nous voir au d\u00e9part [&hellip;]<\/p>\n","protected":false},"author":1,"featured_media":0,"comment_status":"closed","ping_status":"open","sticky":false,"template":"","format":"standard","meta":{"footnotes":""},"categories":[],"tags":[],"class_list":["post-9453","post","type-post","status-publish","format-standard","hentry"],"_links":{"self":[{"href":"http:\/\/www.acbedoulen.fr\/wp\/index.php?rest_route=\/wp\/v2\/posts\/9453","targetHints":{"allow":["GET"]}}],"collection":[{"href":"http:\/\/www.acbedoulen.fr\/wp\/index.php?rest_route=\/wp\/v2\/posts"}],"about":[{"href":"http:\/\/www.acbedoulen.fr\/wp\/index.php?rest_route=\/wp\/v2\/types\/post"}],"author":[{"embeddable":true,"href":"http:\/\/www.acbedoulen.fr\/wp\/index.php?rest_route=\/wp\/v2\/users\/1"}],"replies":[{"embeddable":true,"href":"http:\/\/www.acbedoulen.fr\/wp\/index.php?rest_route=%2Fwp%2Fv2%2Fcomments&post=9453"}],"version-history":[{"count":1,"href":"http:\/\/www.acbedoulen.fr\/wp\/index.php?rest_route=\/wp\/v2\/posts\/9453\/revisions"}],"predecessor-version":[{"id":9454,"href":"http:\/\/www.acbedoulen.fr\/wp\/index.php?rest_route=\/wp\/v2\/posts\/9453\/revisions\/9454"}],"wp:attachment":[{"href":"http:\/\/www.acbedoulen.fr\/wp\/index.php?rest_route=%2Fwp%2Fv2%2Fmedia&parent=9453"}],"wp:term":[{"taxonomy":"category","embeddable":true,"href":"http:\/\/www.acbedoulen.fr\/wp\/index.php?rest_route=%2Fwp%2Fv2%2Fcategories&post=9453"},{"taxonomy":"post_tag","embeddable":true,"href":"http:\/\/www.acbedoulen.fr\/wp\/index.php?rest_route=%2Fwp%2Fv2%2Ftags&post=9453"}],"curies":[{"name":"wp","href":"https:\/\/api.w.org\/{rel}","templated":true}]}}