{"id":94,"date":"2014-05-01T21:10:45","date_gmt":"2014-05-01T20:10:45","guid":{"rendered":"http:\/\/www.acbedoulen.fr\/wp\/?p=94"},"modified":"2014-05-20T08:31:24","modified_gmt":"2014-05-20T07:31:24","slug":"94","status":"publish","type":"post","link":"http:\/\/www.acbedoulen.fr\/wp\/?p=94","title":{"rendered":"Le frein bio, par Jean Paul"},"content":{"rendered":"<p><img loading=\"lazy\" decoding=\"async\" class=\"alignleft wp-image-97 \" src=\"http:\/\/www.acbedoulen.fr\/wp\/wp-content\/uploads\/2014\/05\/Levier-frein-BIO-300x195.jpg\" alt=\"Levier frein BIO\" width=\"234\" height=\"152\" srcset=\"http:\/\/www.acbedoulen.fr\/wp\/wp-content\/uploads\/2014\/05\/Levier-frein-BIO-300x195.jpg 300w, http:\/\/www.acbedoulen.fr\/wp\/wp-content\/uploads\/2014\/05\/Levier-frein-BIO-1024x666.jpg 1024w, http:\/\/www.acbedoulen.fr\/wp\/wp-content\/uploads\/2014\/05\/Levier-frein-BIO.jpg 1181w\" sizes=\"auto, (max-width: 234px) 100vw, 234px\" \/><\/p>\n<p>Cela vient de sortir! Mis au point par Jean-Paul et valid\u00e9 par Jef lors de la sortie d\u2019un samedi apr\u00e8s-midi d\u2019avril: le levier de frein bio.<\/p>\n<p>Une branche + un collier plastique pour remplacer un levier cass\u00e9 sur le VTT de Jef. Un levier en composite extr\u00eamement l\u00e9ger mais&#8230; fragile.<\/p>\n<p>\u00c7a freine et permet de terminer la balade ! Damme Nature est bonne: elle d\u00e9panne m\u00eame les fadas qui d\u00e9valent les collines.<\/p>\n","protected":false},"excerpt":{"rendered":"<p>Cela vient de sortir! Mis au point par Jean-Paul et valid\u00e9 par Jef lors de la sortie d\u2019un samedi apr\u00e8s-midi d\u2019avril: le levier de frein bio. Une branche + un collier plastique pour remplacer un levier cass\u00e9 sur le VTT de Jef. Un levier en composite extr\u00eamement l\u00e9ger mais&#8230; fragile. \u00c7a freine et permet de [&hellip;]<\/p>\n","protected":false},"author":1,"featured_media":97,"comment_status":"closed","ping_status":"open","sticky":false,"template":"","format":"standard","meta":{"footnotes":""},"categories":[1],"tags":[16,7],"class_list":["post-94","post","type-post","status-publish","format-standard","has-post-thumbnail","hentry","category-non-classe","tag-materiel","tag-vtt"],"_links":{"self":[{"href":"http:\/\/www.acbedoulen.fr\/wp\/index.php?rest_route=\/wp\/v2\/posts\/94","targetHints":{"allow":["GET"]}}],"collection":[{"href":"http:\/\/www.acbedoulen.fr\/wp\/index.php?rest_route=\/wp\/v2\/posts"}],"about":[{"href":"http:\/\/www.acbedoulen.fr\/wp\/index.php?rest_route=\/wp\/v2\/types\/post"}],"author":[{"embeddable":true,"href":"http:\/\/www.acbedoulen.fr\/wp\/index.php?rest_route=\/wp\/v2\/users\/1"}],"replies":[{"embeddable":true,"href":"http:\/\/www.acbedoulen.fr\/wp\/index.php?rest_route=%2Fwp%2Fv2%2Fcomments&post=94"}],"version-history":[{"count":8,"href":"http:\/\/www.acbedoulen.fr\/wp\/index.php?rest_route=\/wp\/v2\/posts\/94\/revisions"}],"predecessor-version":[{"id":152,"href":"http:\/\/www.acbedoulen.fr\/wp\/index.php?rest_route=\/wp\/v2\/posts\/94\/revisions\/152"}],"wp:featuredmedia":[{"embeddable":true,"href":"http:\/\/www.acbedoulen.fr\/wp\/index.php?rest_route=\/wp\/v2\/media\/97"}],"wp:attachment":[{"href":"http:\/\/www.acbedoulen.fr\/wp\/index.php?rest_route=%2Fwp%2Fv2%2Fmedia&parent=94"}],"wp:term":[{"taxonomy":"category","embeddable":true,"href":"http:\/\/www.acbedoulen.fr\/wp\/index.php?rest_route=%2Fwp%2Fv2%2Fcategories&post=94"},{"taxonomy":"post_tag","embeddable":true,"href":"http:\/\/www.acbedoulen.fr\/wp\/index.php?rest_route=%2Fwp%2Fv2%2Ftags&post=94"}],"curies":[{"name":"wp","href":"https:\/\/api.w.org\/{rel}","templated":true}]}}