{"id":932,"date":"2019-02-11T22:46:07","date_gmt":"2019-02-11T21:46:07","guid":{"rendered":"http:\/\/www.acbedoulen.fr\/wp\/?p=932"},"modified":"2019-02-11T22:52:48","modified_gmt":"2019-02-11T21:52:48","slug":"dimanche-3-mars-vetathlon-de-roquefort-la-bedoule","status":"publish","type":"post","link":"http:\/\/www.acbedoulen.fr\/wp\/?p=932","title":{"rendered":"Dimanche  3 mars: v\u00e9t&rsquo;athlon de Roquefort &#8211; la B\u00e9doule"},"content":{"rendered":"\n<p>La 8e \u00e9dition du v\u00e9t\u2019athlon de Roquefort &#8211; la B\u00e9doule, \u00e9preuve chronom\u00e9tr\u00e9e alliant deux disciplines sportives, consistera cette ann\u00e9e en 9 Km de course \u00e0 pied et 18 Km de VTT. Organis\u00e9e par l&rsquo;ACB, elle se court en solo homme ou femme, en \u00e9quipe unisexe ou mixte, \u00e0 partir de l\u2019\u00e2ge de 16 ans toujours associ\u00e9 \u00e0 un adulte.<\/p>\n\n\n\n<p class=\"has-text-color has-luminous-vivid-orange-color\"><a href=\"http:\/\/www.acbedoulen.fr\/wp\/?page_id=355\">Plus d&rsquo;informations sur la page d\u00e9di\u00e9e<\/a>.<\/p>\n","protected":false},"excerpt":{"rendered":"<p>La 8e \u00e9dition du v\u00e9t\u2019athlon de Roquefort &#8211; la B\u00e9doule, \u00e9preuve chronom\u00e9tr\u00e9e alliant deux disciplines sportives, consistera cette ann\u00e9e en 9 Km de course \u00e0 pied et 18 Km de VTT. Organis\u00e9e par l&rsquo;ACB, elle se court en solo homme ou femme, en \u00e9quipe unisexe ou mixte, \u00e0 partir de l\u2019\u00e2ge de 16 ans toujours [&hellip;]<\/p>\n","protected":false},"author":1,"featured_media":0,"comment_status":"closed","ping_status":"open","sticky":false,"template":"","format":"standard","meta":{"footnotes":""},"categories":[1],"tags":[],"class_list":["post-932","post","type-post","status-publish","format-standard","hentry","category-non-classe"],"_links":{"self":[{"href":"http:\/\/www.acbedoulen.fr\/wp\/index.php?rest_route=\/wp\/v2\/posts\/932","targetHints":{"allow":["GET"]}}],"collection":[{"href":"http:\/\/www.acbedoulen.fr\/wp\/index.php?rest_route=\/wp\/v2\/posts"}],"about":[{"href":"http:\/\/www.acbedoulen.fr\/wp\/index.php?rest_route=\/wp\/v2\/types\/post"}],"author":[{"embeddable":true,"href":"http:\/\/www.acbedoulen.fr\/wp\/index.php?rest_route=\/wp\/v2\/users\/1"}],"replies":[{"embeddable":true,"href":"http:\/\/www.acbedoulen.fr\/wp\/index.php?rest_route=%2Fwp%2Fv2%2Fcomments&post=932"}],"version-history":[{"count":4,"href":"http:\/\/www.acbedoulen.fr\/wp\/index.php?rest_route=\/wp\/v2\/posts\/932\/revisions"}],"predecessor-version":[{"id":7105,"href":"http:\/\/www.acbedoulen.fr\/wp\/index.php?rest_route=\/wp\/v2\/posts\/932\/revisions\/7105"}],"wp:attachment":[{"href":"http:\/\/www.acbedoulen.fr\/wp\/index.php?rest_route=%2Fwp%2Fv2%2Fmedia&parent=932"}],"wp:term":[{"taxonomy":"category","embeddable":true,"href":"http:\/\/www.acbedoulen.fr\/wp\/index.php?rest_route=%2Fwp%2Fv2%2Fcategories&post=932"},{"taxonomy":"post_tag","embeddable":true,"href":"http:\/\/www.acbedoulen.fr\/wp\/index.php?rest_route=%2Fwp%2Fv2%2Ftags&post=932"}],"curies":[{"name":"wp","href":"https:\/\/api.w.org\/{rel}","templated":true}]}}