{"id":868,"date":"2018-03-25T21:47:52","date_gmt":"2018-03-25T20:47:52","guid":{"rendered":"http:\/\/www.acbedoulen.fr\/wp\/?p=868"},"modified":"2018-03-25T21:51:37","modified_gmt":"2018-03-25T20:51:37","slug":"sortie-vtt-du-24-mars-2018trois","status":"publish","type":"post","link":"http:\/\/www.acbedoulen.fr\/wp\/?p=868","title":{"rendered":"Sortie VTT du 24 mars 2018"},"content":{"rendered":"<p>Ce samedi apr\u00e8s-midi, lors de la pause, trois jeunes explorateurs v\u00e9t\u00e9tistes de l&rsquo;A.C.B. &#8211; Yanis, Gabriel et Rapha\u00ebl &#8211; ont pu visiter la grotte en contre bas de la vigie de Roquefort la B\u00e9doule, en ligne de cr\u00eate du Montounier&#8230;<\/p>\n<p><a href=\"http:\/\/www.acbedoulen.fr\/wp\/wp-content\/uploads\/2018\/03\/mms_img-10860944481.jpg\"><img loading=\"lazy\" decoding=\"async\" class=\"alignnone size-medium wp-image-869\" src=\"http:\/\/www.acbedoulen.fr\/wp\/wp-content\/uploads\/2018\/03\/mms_img-10860944481-169x300.jpg\" alt=\"\" width=\"169\" height=\"300\" srcset=\"http:\/\/www.acbedoulen.fr\/wp\/wp-content\/uploads\/2018\/03\/mms_img-10860944481-169x300.jpg 169w, http:\/\/www.acbedoulen.fr\/wp\/wp-content\/uploads\/2018\/03\/mms_img-10860944481.jpg 540w\" sizes=\"auto, (max-width: 169px) 100vw, 169px\" \/><\/a><a href=\"http:\/\/www.acbedoulen.fr\/wp\/wp-content\/uploads\/2018\/03\/mms_img8542261951.jpg\">\u00a0<img loading=\"lazy\" decoding=\"async\" class=\"alignnone size-medium wp-image-870\" src=\"http:\/\/www.acbedoulen.fr\/wp\/wp-content\/uploads\/2018\/03\/mms_img8542261951-169x300.jpg\" alt=\"\" width=\"169\" height=\"300\" srcset=\"http:\/\/www.acbedoulen.fr\/wp\/wp-content\/uploads\/2018\/03\/mms_img8542261951-169x300.jpg 169w, http:\/\/www.acbedoulen.fr\/wp\/wp-content\/uploads\/2018\/03\/mms_img8542261951.jpg 540w\" sizes=\"auto, (max-width: 169px) 100vw, 169px\" \/><\/a><\/p>\n","protected":false},"excerpt":{"rendered":"<p>Ce samedi apr\u00e8s-midi, lors de la pause, trois jeunes explorateurs v\u00e9t\u00e9tistes de l&rsquo;A.C.B. &#8211; Yanis, Gabriel et Rapha\u00ebl &#8211; ont pu visiter la grotte en contre bas de la vigie de Roquefort la B\u00e9doule, en ligne de cr\u00eate du Montounier&#8230; \u00a0<\/p>\n","protected":false},"author":1,"featured_media":0,"comment_status":"closed","ping_status":"open","sticky":false,"template":"","format":"standard","meta":{"footnotes":""},"categories":[1],"tags":[28,17,7],"class_list":["post-868","post","type-post","status-publish","format-standard","hentry","category-non-classe","tag-jeunes","tag-sortie","tag-vtt"],"_links":{"self":[{"href":"http:\/\/www.acbedoulen.fr\/wp\/index.php?rest_route=\/wp\/v2\/posts\/868","targetHints":{"allow":["GET"]}}],"collection":[{"href":"http:\/\/www.acbedoulen.fr\/wp\/index.php?rest_route=\/wp\/v2\/posts"}],"about":[{"href":"http:\/\/www.acbedoulen.fr\/wp\/index.php?rest_route=\/wp\/v2\/types\/post"}],"author":[{"embeddable":true,"href":"http:\/\/www.acbedoulen.fr\/wp\/index.php?rest_route=\/wp\/v2\/users\/1"}],"replies":[{"embeddable":true,"href":"http:\/\/www.acbedoulen.fr\/wp\/index.php?rest_route=%2Fwp%2Fv2%2Fcomments&post=868"}],"version-history":[{"count":3,"href":"http:\/\/www.acbedoulen.fr\/wp\/index.php?rest_route=\/wp\/v2\/posts\/868\/revisions"}],"predecessor-version":[{"id":873,"href":"http:\/\/www.acbedoulen.fr\/wp\/index.php?rest_route=\/wp\/v2\/posts\/868\/revisions\/873"}],"wp:attachment":[{"href":"http:\/\/www.acbedoulen.fr\/wp\/index.php?rest_route=%2Fwp%2Fv2%2Fmedia&parent=868"}],"wp:term":[{"taxonomy":"category","embeddable":true,"href":"http:\/\/www.acbedoulen.fr\/wp\/index.php?rest_route=%2Fwp%2Fv2%2Fcategories&post=868"},{"taxonomy":"post_tag","embeddable":true,"href":"http:\/\/www.acbedoulen.fr\/wp\/index.php?rest_route=%2Fwp%2Fv2%2Ftags&post=868"}],"curies":[{"name":"wp","href":"https:\/\/api.w.org\/{rel}","templated":true}]}}