{"id":856,"date":"2018-02-27T21:52:45","date_gmt":"2018-02-27T20:52:45","guid":{"rendered":"http:\/\/www.acbedoulen.fr\/wp\/?p=856"},"modified":"2018-02-27T22:09:37","modified_gmt":"2018-02-27T21:09:37","slug":"annulation-du-vetathlon-edition-2018","status":"publish","type":"post","link":"http:\/\/www.acbedoulen.fr\/wp\/?p=856","title":{"rendered":"Annulation du V\u00e9t\u2019athlon \u00e9dition 2018"},"content":{"rendered":"<p>Compte tenu de la m\u00e9t\u00e9o pr\u00e9vue ce week-end, nous sommes contraints d&rsquo;annuler le 7e vet&rsquo;athlon de Roquefort la B\u00e9doule pr\u00e9vu ce dimanche 4 mars :'(<\/p>\n<p>Nous vous donnons alors rendez-vous pour notre 20e Randonn\u00e9e VTT <strong>\u00ab\u00a0La Proven\u00e7ale\u00a0\u00bb<\/strong> le dimanche 6 mai 2018, suivie comme \u00e0 l\u2019accoutum\u00e9e d&rsquo;une excellente <em>Pasta party<\/em>.<\/p>\n<p>\u00c0 Bient\u00f4t !<\/p>\n","protected":false},"excerpt":{"rendered":"<p>Compte tenu de la m\u00e9t\u00e9o pr\u00e9vue ce week-end, nous sommes contraints d&rsquo;annuler le 7e vet&rsquo;athlon de Roquefort la B\u00e9doule pr\u00e9vu ce dimanche 4 mars :'( Nous vous donnons alors rendez-vous pour notre 20e Randonn\u00e9e VTT \u00ab\u00a0La Proven\u00e7ale\u00a0\u00bb le dimanche 6 mai 2018, suivie comme \u00e0 l\u2019accoutum\u00e9e d&rsquo;une excellente Pasta party. \u00c0 Bient\u00f4t !<\/p>\n","protected":false},"author":1,"featured_media":0,"comment_status":"closed","ping_status":"open","sticky":false,"template":"","format":"standard","meta":{"footnotes":""},"categories":[1],"tags":[],"class_list":["post-856","post","type-post","status-publish","format-standard","hentry","category-non-classe"],"_links":{"self":[{"href":"http:\/\/www.acbedoulen.fr\/wp\/index.php?rest_route=\/wp\/v2\/posts\/856","targetHints":{"allow":["GET"]}}],"collection":[{"href":"http:\/\/www.acbedoulen.fr\/wp\/index.php?rest_route=\/wp\/v2\/posts"}],"about":[{"href":"http:\/\/www.acbedoulen.fr\/wp\/index.php?rest_route=\/wp\/v2\/types\/post"}],"author":[{"embeddable":true,"href":"http:\/\/www.acbedoulen.fr\/wp\/index.php?rest_route=\/wp\/v2\/users\/1"}],"replies":[{"embeddable":true,"href":"http:\/\/www.acbedoulen.fr\/wp\/index.php?rest_route=%2Fwp%2Fv2%2Fcomments&post=856"}],"version-history":[{"count":3,"href":"http:\/\/www.acbedoulen.fr\/wp\/index.php?rest_route=\/wp\/v2\/posts\/856\/revisions"}],"predecessor-version":[{"id":859,"href":"http:\/\/www.acbedoulen.fr\/wp\/index.php?rest_route=\/wp\/v2\/posts\/856\/revisions\/859"}],"wp:attachment":[{"href":"http:\/\/www.acbedoulen.fr\/wp\/index.php?rest_route=%2Fwp%2Fv2%2Fmedia&parent=856"}],"wp:term":[{"taxonomy":"category","embeddable":true,"href":"http:\/\/www.acbedoulen.fr\/wp\/index.php?rest_route=%2Fwp%2Fv2%2Fcategories&post=856"},{"taxonomy":"post_tag","embeddable":true,"href":"http:\/\/www.acbedoulen.fr\/wp\/index.php?rest_route=%2Fwp%2Fv2%2Ftags&post=856"}],"curies":[{"name":"wp","href":"https:\/\/api.w.org\/{rel}","templated":true}]}}