{"id":755,"date":"2017-04-05T21:08:16","date_gmt":"2017-04-05T20:08:16","guid":{"rendered":"http:\/\/www.acbedoulen.fr\/wp\/?p=755"},"modified":"2017-04-05T21:29:45","modified_gmt":"2017-04-05T20:29:45","slug":"rando-vtt-la-provencale-pates-et-securite","status":"publish","type":"post","link":"http:\/\/www.acbedoulen.fr\/wp\/?p=755","title":{"rendered":"Rando VTT \u00ab\u00a0La Provencale\u00a0\u00bb: p\u00e2tes et s\u00e9curit\u00e9"},"content":{"rendered":"<p><a href=\"http:\/\/www.acbedoulen.fr\/wp\/wp-content\/uploads\/2017\/04\/plan-Parking.jpg\" target=\"_blank\"><img loading=\"lazy\" decoding=\"async\" class=\"alignright wp-image-757\" src=\"http:\/\/www.acbedoulen.fr\/wp\/wp-content\/uploads\/2017\/04\/plan-Parking-300x212.jpg\" alt=\"\" width=\"171\" height=\"121\" srcset=\"http:\/\/www.acbedoulen.fr\/wp\/wp-content\/uploads\/2017\/04\/plan-Parking-300x212.jpg 300w, http:\/\/www.acbedoulen.fr\/wp\/wp-content\/uploads\/2017\/04\/plan-Parking-768x543.jpg 768w, http:\/\/www.acbedoulen.fr\/wp\/wp-content\/uploads\/2017\/04\/plan-Parking-1024x724.jpg 1024w, http:\/\/www.acbedoulen.fr\/wp\/wp-content\/uploads\/2017\/04\/plan-Parking.jpg 1169w\" sizes=\"auto, (max-width: 171px) 100vw, 171px\" \/><\/a>Pour des raisons d\u2019\u00e9ch\u00e9ances \u00e9lectorales nombreuses en ce printemps 2017, les calendriers des f\u00e9d\u00e9rations sportives en tous genres s\u2019en trouvent bouscul\u00e9s et pour le moins \u2026 encombr\u00e9s\u00a0!<\/p>\n<p>C\u2019est ainsi que le dimanche 30 avril 2017 dans notre commune de Roquefort la B\u00e9doule ou jouxtant directement notre territoire, <strong>quatre manifestations sportives<\/strong> vont se d\u00e9rouler, mettant en \u00e9moi tous les services et responsables publics impact\u00e9s, et en particulier sur le plan de la s\u00e9curit\u00e9.<\/p>\n<p><!--more--><br \/>\nUne r\u00e9union en mairie d\u00e8s le 13 f\u00e9vrier a \u00e9t\u00e9 n\u00e9cessaire pour coordonner l\u2019organisation de chacune d\u2019entre elles en pr\u00e9sence du service de Gendarmerie.<\/p>\n<ul>\n<li><a href=\"http:\/\/www.acbedoulen.fr\/wp\/?page_id=84\">La 19e \u00e9dition de la Rando VTT \u00ab\u00a0La Proven\u00e7ale\u00a0\u00bb<\/a> (<em>Avenir Cycliste B\u00e9doulen<\/em>) avec quatre parcours au choix de 10 \u00e0 45 km, d\u00e9part\/arriv\u00e9e au Hall d\u2019Accueil Sportif mais emprunt de la voie publique pour sortir\/entrer de la ville et rejoindre\/quitter le secteur Tout Terrain.<\/li>\n<li>Course de c\u00f4te des voitures de collection (<em>Provence Vintage<\/em>) avec stockage des v\u00e9hicules de course sur le parking Andr\u00e9 Malraux d\u00e8s le samedi 29, puis convoi neutralis\u00e9\/encadr\u00e9 par Gendarmerie jusqu\u2019aux Bastides \u00e0 partir de 10H00 le dimanche matin 30 avril.<\/li>\n<li>Concours r\u00e9gional de danse Country au Centre Andr\u00e9 Malraux<\/li>\n<li>Course \u00e0 pied\/trail de Ceyreste avec parcours empruntant la ligne de cr\u00eate entre les deux communes \u00e0 partir du Grand Caunet.<\/li>\n<\/ul>\n<h3>Recommandations \u00e0 nos futurs participants v\u00e9t\u00e9tistes<\/h3>\n<p>Adoptez une extr\u00eame prudence lors de l\u2019emprunt de la voie publique: c\u2019est une rando, pas une course chronom\u00e9tr\u00e9e, et il y a de quoi se faire plaisir en secteur tout terrain\u00a0!)<\/p>\n<p>Respectez les recommandations des organisateurs et bien s\u00fbr les ordres du service de Gendarmerie.<br \/>\nPassage obligatoire \u00e0 pied sous le petit pont de la D1 entre Le ch\u00e2teau des Julhans et le col des Bastides. Deux commissaires de PROVENCE VINTAGE et deux b\u00e9n\u00e9voles de l\u2019ACB vous y inviteront express\u00e9ment. Le circuit VTT \u00ab\u00a0coupe\u00a0\u00bb\u00a0 en effet la D1, utilis\u00e9e par la course de c\u00f4te. Interdiction de passer au travers de la route (Course 10H-13H\/2 passages)<\/p>\n<p>Privil\u00e9giez de garer\u00a0vos v\u00e9hicules sur <a href=\"http:\/\/acbedoulen.free.fr\/2017\/19eRando\/plan%20Parking.pdf\" target=\"_blank\">les parkings ext\u00e9rieurs de la ville<\/a>:<\/p>\n<ul>\n<li>parking de covoiturage proche de l\u2019entr\u00e9e d\u2019autoroute direction Toulon et de la sortie en venant de Marseille ou Aix-en-Provence<\/li>\n<li>pin\u00e8de en contre bas du Centre de secours et terrains de Boules, d\u00e9but du vallon d\u2019Aubagne<\/li>\n<\/ul>\n<p>Les responsables de l\u2019Avenir Cycliste B\u00e9doulen vous remercient par avance, et esp\u00e8rent vous retrouver nombreux, pour ce moment de d\u00e9tente, \u00e0 la fois sportif, chaleureux et convivial. N\u2019oubliez pas <strong>notre tombola avec de beaux lots<\/strong>, ainsi que notre <strong>excellente Pasta-Party offerte<\/strong> \u00e0 tous les participants et <strong>pr\u00e9par\u00e9e par nos cuistots<\/strong>\u2026 Pr\u00e9cision \u00e9tant faite sur demande de ces derniers, que la \u00ab\u00a0Bolo\u00a0\u00bb, c\u2019est de la vraie viande 50% veau, 50% porc, jus de tomates et Pennes Regates Barilla, et la \u00ab\u00a0pesto\u00a0\u00bb est concoct\u00e9e \u00e0 partir de vraies feuilles de basilic fraiches. \u2028Pas de boite chez nous\u00a0!!! Ah non, pas de \u00e7a \u00e0 l\u2019A.C.B. !!!<\/p>\n","protected":false},"excerpt":{"rendered":"<p>Pour des raisons d\u2019\u00e9ch\u00e9ances \u00e9lectorales nombreuses en ce printemps 2017, les calendriers des f\u00e9d\u00e9rations sportives en tous genres s\u2019en trouvent bouscul\u00e9s et pour le moins \u2026 encombr\u00e9s\u00a0! C\u2019est ainsi que le dimanche 30 avril 2017 dans notre commune de Roquefort la B\u00e9doule ou jouxtant directement notre territoire, quatre manifestations sportives vont se d\u00e9rouler, mettant en [&hellip;]<\/p>\n","protected":false},"author":1,"featured_media":0,"comment_status":"closed","ping_status":"open","sticky":false,"template":"","format":"standard","meta":{"footnotes":""},"categories":[1],"tags":[],"class_list":["post-755","post","type-post","status-publish","format-standard","hentry","category-non-classe"],"_links":{"self":[{"href":"http:\/\/www.acbedoulen.fr\/wp\/index.php?rest_route=\/wp\/v2\/posts\/755","targetHints":{"allow":["GET"]}}],"collection":[{"href":"http:\/\/www.acbedoulen.fr\/wp\/index.php?rest_route=\/wp\/v2\/posts"}],"about":[{"href":"http:\/\/www.acbedoulen.fr\/wp\/index.php?rest_route=\/wp\/v2\/types\/post"}],"author":[{"embeddable":true,"href":"http:\/\/www.acbedoulen.fr\/wp\/index.php?rest_route=\/wp\/v2\/users\/1"}],"replies":[{"embeddable":true,"href":"http:\/\/www.acbedoulen.fr\/wp\/index.php?rest_route=%2Fwp%2Fv2%2Fcomments&post=755"}],"version-history":[{"count":5,"href":"http:\/\/www.acbedoulen.fr\/wp\/index.php?rest_route=\/wp\/v2\/posts\/755\/revisions"}],"predecessor-version":[{"id":770,"href":"http:\/\/www.acbedoulen.fr\/wp\/index.php?rest_route=\/wp\/v2\/posts\/755\/revisions\/770"}],"wp:attachment":[{"href":"http:\/\/www.acbedoulen.fr\/wp\/index.php?rest_route=%2Fwp%2Fv2%2Fmedia&parent=755"}],"wp:term":[{"taxonomy":"category","embeddable":true,"href":"http:\/\/www.acbedoulen.fr\/wp\/index.php?rest_route=%2Fwp%2Fv2%2Fcategories&post=755"},{"taxonomy":"post_tag","embeddable":true,"href":"http:\/\/www.acbedoulen.fr\/wp\/index.php?rest_route=%2Fwp%2Fv2%2Ftags&post=755"}],"curies":[{"name":"wp","href":"https:\/\/api.w.org\/{rel}","templated":true}]}}