{"id":744,"date":"2017-03-22T23:02:25","date_gmt":"2017-03-22T22:02:25","guid":{"rendered":"http:\/\/www.acbedoulen.fr\/wp\/?p=744"},"modified":"2017-03-22T23:18:38","modified_gmt":"2017-03-22T22:18:38","slug":"rando-vtt-un-ipod-et-une-montre-gagner","status":"publish","type":"post","link":"http:\/\/www.acbedoulen.fr\/wp\/?p=744","title":{"rendered":"Rando VTT: un iPod et une montre \u00e0 gagner"},"content":{"rendered":"<p><a href=\"http:\/\/www.acbedoulen.fr\/wp\/wp-content\/uploads\/2017\/03\/iPod.jpg\"><img loading=\"lazy\" decoding=\"async\" class=\"alignright wp-image-745\" src=\"http:\/\/www.acbedoulen.fr\/wp\/wp-content\/uploads\/2017\/03\/iPod-297x300.jpg\" alt=\"\" width=\"169\" height=\"171\" srcset=\"http:\/\/www.acbedoulen.fr\/wp\/wp-content\/uploads\/2017\/03\/iPod-297x300.jpg 297w, http:\/\/www.acbedoulen.fr\/wp\/wp-content\/uploads\/2017\/03\/iPod-768x776.jpg 768w, http:\/\/www.acbedoulen.fr\/wp\/wp-content\/uploads\/2017\/03\/iPod-1013x1024.jpg 1013w, http:\/\/www.acbedoulen.fr\/wp\/wp-content\/uploads\/2017\/03\/iPod.jpg 1108w\" sizes=\"auto, (max-width: 169px) 100vw, 169px\" \/><\/a>L&rsquo;A.C.B. organise sa traditionnelle rando \u00ab\u00a0La Proven\u00e7ale\u00a0\u00bb accompagn\u00e9e d&rsquo;une tombola particuli\u00e8rement fournie cette ann\u00e9e, avec <a href=\"http:\/\/acbedoulen.free.fr\/2017\/19eRando\/Lots\/iPod.jpg\" target=\"_blank\">un iPod shuffle<\/a>\u00a0et\u00a0<a href=\"http:\/\/acbedoulen.free.fr\/2017\/19eRando\/Lots\/Montre%20Vintage.jpg\" target=\"_blank\">une montre<\/a>\u00a0en plus des autres lots d\u00e9j\u00e0 d\u00e9voil\u00e9s:\u00a0un\u00a0<a href=\"http:\/\/acbedoulen.free.fr\/2017\/19eRando\/Lots\/Smartphone.jpg\" target=\"_blank\">smartphone Wiko<\/a>,\u00a0<a href=\"http:\/\/acbedoulen.free.fr\/2017\/19eRando\/Lots\/Coffret%20cliquet.jpg\" target=\"_blank\">un coffret de cl\u00e9s \u00e0 cliquets<\/a>,\u00a0<a href=\"http:\/\/acbedoulen.free.fr\/2017\/19eRando\/Lots\/Casque%20VR.jpg\" target=\"_blank\">un casque de r\u00e9alit\u00e9 virtuelle<\/a>,\u00a0<a href=\"http:\/\/acbedoulen.free.fr\/2017\/19eRando\/Lots\/Chargeur%20solaire.jpg\" target=\"_blank\">un chargeur solaire<\/a>&#8230;<\/p>\n","protected":false},"excerpt":{"rendered":"<p>L&rsquo;A.C.B. organise sa traditionnelle rando \u00ab\u00a0La Proven\u00e7ale\u00a0\u00bb accompagn\u00e9e d&rsquo;une tombola particuli\u00e8rement fournie cette ann\u00e9e, avec un iPod shuffle\u00a0et\u00a0une montre\u00a0en plus des autres lots d\u00e9j\u00e0 d\u00e9voil\u00e9s:\u00a0un\u00a0smartphone Wiko,\u00a0un coffret de cl\u00e9s \u00e0 cliquets,\u00a0un casque de r\u00e9alit\u00e9 virtuelle,\u00a0un chargeur solaire&#8230;<\/p>\n","protected":false},"author":1,"featured_media":0,"comment_status":"closed","ping_status":"open","sticky":false,"template":"","format":"standard","meta":{"footnotes":""},"categories":[1],"tags":[10,18,7],"class_list":["post-744","post","type-post","status-publish","format-standard","hentry","category-non-classe","tag-la-provencale","tag-rando","tag-vtt"],"_links":{"self":[{"href":"http:\/\/www.acbedoulen.fr\/wp\/index.php?rest_route=\/wp\/v2\/posts\/744","targetHints":{"allow":["GET"]}}],"collection":[{"href":"http:\/\/www.acbedoulen.fr\/wp\/index.php?rest_route=\/wp\/v2\/posts"}],"about":[{"href":"http:\/\/www.acbedoulen.fr\/wp\/index.php?rest_route=\/wp\/v2\/types\/post"}],"author":[{"embeddable":true,"href":"http:\/\/www.acbedoulen.fr\/wp\/index.php?rest_route=\/wp\/v2\/users\/1"}],"replies":[{"embeddable":true,"href":"http:\/\/www.acbedoulen.fr\/wp\/index.php?rest_route=%2Fwp%2Fv2%2Fcomments&post=744"}],"version-history":[{"count":7,"href":"http:\/\/www.acbedoulen.fr\/wp\/index.php?rest_route=\/wp\/v2\/posts\/744\/revisions"}],"predecessor-version":[{"id":749,"href":"http:\/\/www.acbedoulen.fr\/wp\/index.php?rest_route=\/wp\/v2\/posts\/744\/revisions\/749"}],"wp:attachment":[{"href":"http:\/\/www.acbedoulen.fr\/wp\/index.php?rest_route=%2Fwp%2Fv2%2Fmedia&parent=744"}],"wp:term":[{"taxonomy":"category","embeddable":true,"href":"http:\/\/www.acbedoulen.fr\/wp\/index.php?rest_route=%2Fwp%2Fv2%2Fcategories&post=744"},{"taxonomy":"post_tag","embeddable":true,"href":"http:\/\/www.acbedoulen.fr\/wp\/index.php?rest_route=%2Fwp%2Fv2%2Ftags&post=744"}],"curies":[{"name":"wp","href":"https:\/\/api.w.org\/{rel}","templated":true}]}}