{"id":73,"date":"2010-05-23T18:00:15","date_gmt":"2010-05-23T17:00:15","guid":{"rendered":"http:\/\/87bb951b-0adc-4b47-ba61-32d17b1a9b7a"},"modified":"2014-05-20T10:48:42","modified_gmt":"2014-05-20T09:48:42","slug":"sortie-aux-bories","status":"publish","type":"post","link":"http:\/\/www.acbedoulen.fr\/wp\/?p=73","title":{"rendered":"Sortie aux Bories"},"content":{"rendered":"<p>Les adh\u00e9rents de l\u2019Avenir Cycliste B\u00e9doulen ont mis \u00e0 profit le grand week end\u00a0de l\u2019ascension pour marquer cette fin de saison.<\/p>\n<p>C\u2019est aux Bories, entre Forcalquier et La Brillanne, \u00e0 quelques kilom\u00e8tres de la montagne de Lure, que les v\u00e9t\u00e9tistes b\u00e9doulens se sont livr\u00e9s \u00e0 de multiples activit\u00e9s, m\u00ealant convivialit\u00e9 et disciplines sportives\u00a0: VTT, tournoi de volley, concours de boules et de cartes, soir\u00e9es dansantes, paella g\u00e9ante, ont agr\u00e9ment\u00e9 ces trois\u00a0jours, sans oublier les visites de la citadelle de Forcalquier, le paysage min\u00e9ral tr\u00e8s caract\u00e9ristique des Mourres, le village de Viens, les merveilleuses gorges d\u2019Oppedette et la f\u00eate du fromage \u00e0 Banon qui cl\u00f4turait ce s\u00e9jour.<\/p>\n","protected":false},"excerpt":{"rendered":"<p>Les adh\u00e9rents de l\u2019Avenir Cycliste B\u00e9doulen ont mis \u00e0 profit le grand week end\u00a0de l\u2019ascension pour marquer cette fin de saison. C\u2019est aux Bories, entre Forcalquier et La Brillanne, \u00e0 quelques kilom\u00e8tres de la montagne de Lure, que les v\u00e9t\u00e9tistes b\u00e9doulens se sont livr\u00e9s \u00e0 de multiples activit\u00e9s, m\u00ealant convivialit\u00e9 et disciplines sportives\u00a0: VTT, tournoi [&hellip;]<\/p>\n","protected":false},"author":1,"featured_media":0,"comment_status":"open","ping_status":"open","sticky":false,"template":"","format":"standard","meta":{"footnotes":""},"categories":[1],"tags":[24,17,7,23],"class_list":["post-73","post","type-post","status-publish","format-standard","hentry","category-non-classe","tag-pas-velo","tag-sortie","tag-vtt","tag-week-end"],"_links":{"self":[{"href":"http:\/\/www.acbedoulen.fr\/wp\/index.php?rest_route=\/wp\/v2\/posts\/73","targetHints":{"allow":["GET"]}}],"collection":[{"href":"http:\/\/www.acbedoulen.fr\/wp\/index.php?rest_route=\/wp\/v2\/posts"}],"about":[{"href":"http:\/\/www.acbedoulen.fr\/wp\/index.php?rest_route=\/wp\/v2\/types\/post"}],"author":[{"embeddable":true,"href":"http:\/\/www.acbedoulen.fr\/wp\/index.php?rest_route=\/wp\/v2\/users\/1"}],"replies":[{"embeddable":true,"href":"http:\/\/www.acbedoulen.fr\/wp\/index.php?rest_route=%2Fwp%2Fv2%2Fcomments&post=73"}],"version-history":[{"count":1,"href":"http:\/\/www.acbedoulen.fr\/wp\/index.php?rest_route=\/wp\/v2\/posts\/73\/revisions"}],"predecessor-version":[{"id":135,"href":"http:\/\/www.acbedoulen.fr\/wp\/index.php?rest_route=\/wp\/v2\/posts\/73\/revisions\/135"}],"wp:attachment":[{"href":"http:\/\/www.acbedoulen.fr\/wp\/index.php?rest_route=%2Fwp%2Fv2%2Fmedia&parent=73"}],"wp:term":[{"taxonomy":"category","embeddable":true,"href":"http:\/\/www.acbedoulen.fr\/wp\/index.php?rest_route=%2Fwp%2Fv2%2Fcategories&post=73"},{"taxonomy":"post_tag","embeddable":true,"href":"http:\/\/www.acbedoulen.fr\/wp\/index.php?rest_route=%2Fwp%2Fv2%2Ftags&post=73"}],"curies":[{"name":"wp","href":"https:\/\/api.w.org\/{rel}","templated":true}]}}