{"id":729,"date":"2017-03-12T21:45:51","date_gmt":"2017-03-12T20:45:51","guid":{"rendered":"http:\/\/www.acbedoulen.fr\/wp\/?p=729"},"modified":"2017-03-12T21:52:03","modified_gmt":"2017-03-12T20:52:03","slug":"rando-vtt-la-provencale-de-lacb-bientot-le-retour","status":"publish","type":"post","link":"http:\/\/www.acbedoulen.fr\/wp\/?p=729","title":{"rendered":"Rando VTT \u00ab\u00a0La Proven\u00e7ale\u00a0\u00bb de l&rsquo;ACB: bient\u00f4t le retour !"},"content":{"rendered":"<p>La randonn\u00e9e VTT organis\u00e9e par l&rsquo;ACB sera\u00a0de retour le Dimanche 30 avril. Au programme cette ann\u00e9e: 4 nouveaux parcours (10, 25, 35 et 45 Km) sur de nouveaux secteurs, une tombola super garnie, une excellente <em>pasta party<\/em>, de d\u00e9licieux ravitaillement&#8230;<\/p>\n<p>Nous esp\u00e9rons vous y voir nombreux.<\/p>\n<p><a href=\"http:\/\/www.acbedoulen.fr\/wp\/?page_id=84\">Tous les d\u00e9tails en cliquant sur ce lien<\/a>.<\/p>\n<p>&nbsp;<\/p>\n","protected":false},"excerpt":{"rendered":"<p>La randonn\u00e9e VTT organis\u00e9e par l&rsquo;ACB sera\u00a0de retour le Dimanche 30 avril. Au programme cette ann\u00e9e: 4 nouveaux parcours (10, 25, 35 et 45 Km) sur de nouveaux secteurs, une tombola super garnie, une excellente pasta party, de d\u00e9licieux ravitaillement&#8230; Nous esp\u00e9rons vous y voir nombreux. Tous les d\u00e9tails en cliquant sur ce lien. &nbsp;<\/p>\n","protected":false},"author":1,"featured_media":0,"comment_status":"closed","ping_status":"open","sticky":false,"template":"","format":"standard","meta":{"footnotes":""},"categories":[1],"tags":[10,18,7],"class_list":["post-729","post","type-post","status-publish","format-standard","hentry","category-non-classe","tag-la-provencale","tag-rando","tag-vtt"],"_links":{"self":[{"href":"http:\/\/www.acbedoulen.fr\/wp\/index.php?rest_route=\/wp\/v2\/posts\/729","targetHints":{"allow":["GET"]}}],"collection":[{"href":"http:\/\/www.acbedoulen.fr\/wp\/index.php?rest_route=\/wp\/v2\/posts"}],"about":[{"href":"http:\/\/www.acbedoulen.fr\/wp\/index.php?rest_route=\/wp\/v2\/types\/post"}],"author":[{"embeddable":true,"href":"http:\/\/www.acbedoulen.fr\/wp\/index.php?rest_route=\/wp\/v2\/users\/1"}],"replies":[{"embeddable":true,"href":"http:\/\/www.acbedoulen.fr\/wp\/index.php?rest_route=%2Fwp%2Fv2%2Fcomments&post=729"}],"version-history":[{"count":2,"href":"http:\/\/www.acbedoulen.fr\/wp\/index.php?rest_route=\/wp\/v2\/posts\/729\/revisions"}],"predecessor-version":[{"id":733,"href":"http:\/\/www.acbedoulen.fr\/wp\/index.php?rest_route=\/wp\/v2\/posts\/729\/revisions\/733"}],"wp:attachment":[{"href":"http:\/\/www.acbedoulen.fr\/wp\/index.php?rest_route=%2Fwp%2Fv2%2Fmedia&parent=729"}],"wp:term":[{"taxonomy":"category","embeddable":true,"href":"http:\/\/www.acbedoulen.fr\/wp\/index.php?rest_route=%2Fwp%2Fv2%2Fcategories&post=729"},{"taxonomy":"post_tag","embeddable":true,"href":"http:\/\/www.acbedoulen.fr\/wp\/index.php?rest_route=%2Fwp%2Fv2%2Ftags&post=729"}],"curies":[{"name":"wp","href":"https:\/\/api.w.org\/{rel}","templated":true}]}}