{"id":699,"date":"2017-02-19T22:04:07","date_gmt":"2017-02-19T21:04:07","guid":{"rendered":"http:\/\/www.acbedoulen.fr\/wp\/?p=699"},"modified":"2017-02-19T22:06:52","modified_gmt":"2017-02-19T21:06:52","slug":"rando-vtt-la-provencale-2017","status":"publish","type":"post","link":"http:\/\/www.acbedoulen.fr\/wp\/?p=699","title":{"rendered":"Rando VTT \u00ab\u00a0La Proven\u00e7ale\u00a0\u00bb 2017"},"content":{"rendered":"<p>L\u2019Avenir Cycliste B\u00e9doulen au plaisir de vous annoncer la 19<sup>e<\/sup> \u00e9dition de sa randonn\u00e9e VTT, le dimanche 30 avril 2017.<br \/>\nTout le monde peut participer, avec quatre circuits sur de nouveaux secteurs.<\/p>\n<p><a href=\"http:\/\/www.acbedoulen.fr\/wp\/?page_id=84\">Rando VTT de &lsquo;ACB<\/a><\/p>\n","protected":false},"excerpt":{"rendered":"<p>L\u2019Avenir Cycliste B\u00e9doulen au plaisir de vous annoncer la 19e \u00e9dition de sa randonn\u00e9e VTT, le dimanche 30 avril 2017. Tout le monde peut participer, avec quatre circuits sur de nouveaux secteurs. Rando VTT de &lsquo;ACB<\/p>\n","protected":false},"author":1,"featured_media":0,"comment_status":"closed","ping_status":"open","sticky":false,"template":"","format":"standard","meta":{"footnotes":""},"categories":[1],"tags":[],"class_list":["post-699","post","type-post","status-publish","format-standard","hentry","category-non-classe"],"_links":{"self":[{"href":"http:\/\/www.acbedoulen.fr\/wp\/index.php?rest_route=\/wp\/v2\/posts\/699","targetHints":{"allow":["GET"]}}],"collection":[{"href":"http:\/\/www.acbedoulen.fr\/wp\/index.php?rest_route=\/wp\/v2\/posts"}],"about":[{"href":"http:\/\/www.acbedoulen.fr\/wp\/index.php?rest_route=\/wp\/v2\/types\/post"}],"author":[{"embeddable":true,"href":"http:\/\/www.acbedoulen.fr\/wp\/index.php?rest_route=\/wp\/v2\/users\/1"}],"replies":[{"embeddable":true,"href":"http:\/\/www.acbedoulen.fr\/wp\/index.php?rest_route=%2Fwp%2Fv2%2Fcomments&post=699"}],"version-history":[{"count":2,"href":"http:\/\/www.acbedoulen.fr\/wp\/index.php?rest_route=\/wp\/v2\/posts\/699\/revisions"}],"predecessor-version":[{"id":702,"href":"http:\/\/www.acbedoulen.fr\/wp\/index.php?rest_route=\/wp\/v2\/posts\/699\/revisions\/702"}],"wp:attachment":[{"href":"http:\/\/www.acbedoulen.fr\/wp\/index.php?rest_route=%2Fwp%2Fv2%2Fmedia&parent=699"}],"wp:term":[{"taxonomy":"category","embeddable":true,"href":"http:\/\/www.acbedoulen.fr\/wp\/index.php?rest_route=%2Fwp%2Fv2%2Fcategories&post=699"},{"taxonomy":"post_tag","embeddable":true,"href":"http:\/\/www.acbedoulen.fr\/wp\/index.php?rest_route=%2Fwp%2Fv2%2Ftags&post=699"}],"curies":[{"name":"wp","href":"https:\/\/api.w.org\/{rel}","templated":true}]}}