{"id":663,"date":"2016-10-12T12:46:29","date_gmt":"2016-10-12T11:46:29","guid":{"rendered":"http:\/\/www.acbedoulen.fr\/wp\/?p=663"},"modified":"2016-10-12T13:10:51","modified_gmt":"2016-10-12T12:10:51","slug":"la-c-b-en-republique-dominicaine","status":"publish","type":"post","link":"http:\/\/www.acbedoulen.fr\/wp\/?p=663","title":{"rendered":"L&rsquo;A.C.B. en R\u00e9publique Dominicaine !"},"content":{"rendered":"<div><a href=\"http:\/\/www.acbedoulen.fr\/wp\/wp-content\/uploads\/2016\/10\/R\u00e9publique-Dominicaine.jpg\"><img loading=\"lazy\" decoding=\"async\" class=\"size-medium wp-image-665 alignright\" src=\"http:\/\/www.acbedoulen.fr\/wp\/wp-content\/uploads\/2016\/10\/R\u00e9publique-Dominicaine-300x170.jpg\" alt=\"republique-dominicaine\" width=\"300\" height=\"170\" srcset=\"http:\/\/www.acbedoulen.fr\/wp\/wp-content\/uploads\/2016\/10\/R\u00e9publique-Dominicaine-300x170.jpg 300w, http:\/\/www.acbedoulen.fr\/wp\/wp-content\/uploads\/2016\/10\/R\u00e9publique-Dominicaine-768x435.jpg 768w, http:\/\/www.acbedoulen.fr\/wp\/wp-content\/uploads\/2016\/10\/R\u00e9publique-Dominicaine.jpg 776w\" sizes=\"auto, (max-width: 300px) 100vw, 300px\" \/><\/a>Le maillot du club a pu faire quelques apparitions en <a href=\"http:\/\/fr.wikipedia.org\/wiki\/R%C3%A9publique_dominicaine\" target=\"_blank\">R\u00e9publique Dominicaine<\/a> \u00e0 l&rsquo;occasion des vacances de Marie Aur\u00e9lie, Nicolas et Corentin, membres de l&rsquo;A.C.B.<\/div>\n<div><\/div>\n<div>Le papa de Marie Aur\u00e9lie, Ren\u00e9 Fourtines, ancien b\u00e9doulen et membre du club alors, les a accueillis et nous a promis d&rsquo;envoyer d&rsquo;autres photos de ses participations aux courses et raids VTT autour des Cara\u00efbes&#8230; Hein Ren\u00e9 ? \ud83d\ude09<\/div>\n<div><\/div>\n<blockquote><p><a href=\"http:\/\/www.flickr.com\/photos\/acbedoulen\/albums\/72157673775020712\">L&rsquo;album photos de l&rsquo;A.C.B. autour du Monde<\/a><\/p><\/blockquote>\n","protected":false},"excerpt":{"rendered":"<p>Le maillot du club a pu faire quelques apparitions en R\u00e9publique Dominicaine \u00e0 l&rsquo;occasion des vacances de Marie Aur\u00e9lie, Nicolas et Corentin, membres de l&rsquo;A.C.B. Le papa de Marie Aur\u00e9lie, Ren\u00e9 Fourtines, ancien b\u00e9doulen et membre du club alors, les a accueillis et nous a promis d&rsquo;envoyer d&rsquo;autres photos de ses participations aux courses et [&hellip;]<\/p>\n","protected":false},"author":1,"featured_media":0,"comment_status":"closed","ping_status":"open","sticky":false,"template":"","format":"standard","meta":{"footnotes":""},"categories":[1],"tags":[15,18,7],"class_list":["post-663","post","type-post","status-publish","format-standard","hentry","category-non-classe","tag-photos","tag-rando","tag-vtt"],"_links":{"self":[{"href":"http:\/\/www.acbedoulen.fr\/wp\/index.php?rest_route=\/wp\/v2\/posts\/663","targetHints":{"allow":["GET"]}}],"collection":[{"href":"http:\/\/www.acbedoulen.fr\/wp\/index.php?rest_route=\/wp\/v2\/posts"}],"about":[{"href":"http:\/\/www.acbedoulen.fr\/wp\/index.php?rest_route=\/wp\/v2\/types\/post"}],"author":[{"embeddable":true,"href":"http:\/\/www.acbedoulen.fr\/wp\/index.php?rest_route=\/wp\/v2\/users\/1"}],"replies":[{"embeddable":true,"href":"http:\/\/www.acbedoulen.fr\/wp\/index.php?rest_route=%2Fwp%2Fv2%2Fcomments&post=663"}],"version-history":[{"count":7,"href":"http:\/\/www.acbedoulen.fr\/wp\/index.php?rest_route=\/wp\/v2\/posts\/663\/revisions"}],"predecessor-version":[{"id":671,"href":"http:\/\/www.acbedoulen.fr\/wp\/index.php?rest_route=\/wp\/v2\/posts\/663\/revisions\/671"}],"wp:attachment":[{"href":"http:\/\/www.acbedoulen.fr\/wp\/index.php?rest_route=%2Fwp%2Fv2%2Fmedia&parent=663"}],"wp:term":[{"taxonomy":"category","embeddable":true,"href":"http:\/\/www.acbedoulen.fr\/wp\/index.php?rest_route=%2Fwp%2Fv2%2Fcategories&post=663"},{"taxonomy":"post_tag","embeddable":true,"href":"http:\/\/www.acbedoulen.fr\/wp\/index.php?rest_route=%2Fwp%2Fv2%2Ftags&post=663"}],"curies":[{"name":"wp","href":"https:\/\/api.w.org\/{rel}","templated":true}]}}