{"id":65,"date":"2011-05-15T21:21:14","date_gmt":"2011-05-15T20:21:14","guid":{"rendered":"http:\/\/254054ff-4507-449b-a602-3eae53c24915"},"modified":"2014-05-20T10:00:06","modified_gmt":"2014-05-20T09:00:06","slug":"second-week-end-aux-bories","status":"publish","type":"post","link":"http:\/\/www.acbedoulen.fr\/wp\/?p=65","title":{"rendered":"Second week-end aux Bories"},"content":{"rendered":"<p><a href=\"perma:\/\/BLPageReference\/498D2D12-F75C-44C5-BC09-FB22D2DE17D6\">Les photos du week-end, ici<\/a>.<\/p>\n<p>Pour la 2e ann\u00e9e cons\u00e9cutive, l\u2019A.C.B. effectuait sa sortie oxyg\u00e9nation aux Bories, village vacances sur la petite commune de Niozelles entre Forcalquier et La Brillanne, face \u00e0 la montagne de Lure. Week-end d\u00e9contraction dans les Alpes-de-Hautes-Provence donc, les 14 et 15 mai 2011, pour une cinquantaine de membres du club de l\u2019A.C.B.<\/p>\n<p>Au programme\u00a0: convivialit\u00e9, vide grenier et antiquit\u00e9s \u00e0 Oraison et Mane, multiples activit\u00e9s sportives et ludiques telles que boules, cartes, tournoi de foot et volley, ping pong, tennis, danses et un peu\u2026 de VTT pour les accros, sans oublier les ap\u00e9ros sangria et une paella g\u00e9ante fort appr\u00e9ci\u00e9e toujours pr\u00e9par\u00e9e par Monsieur Farrudja, le responsable du centre.<\/p>\n","protected":false},"excerpt":{"rendered":"<p>Les photos du week-end, ici. Pour la 2e ann\u00e9e cons\u00e9cutive, l\u2019A.C.B. effectuait sa sortie oxyg\u00e9nation aux Bories, village vacances sur la petite commune de Niozelles entre Forcalquier et La Brillanne, face \u00e0 la montagne de Lure. Week-end d\u00e9contraction dans les Alpes-de-Hautes-Provence donc, les 14 et 15 mai 2011, pour une cinquantaine de membres du club [&hellip;]<\/p>\n","protected":false},"author":1,"featured_media":0,"comment_status":"open","ping_status":"open","sticky":false,"template":"","format":"standard","meta":{"footnotes":""},"categories":[1],"tags":[24,7,23],"class_list":["post-65","post","type-post","status-publish","format-standard","hentry","category-non-classe","tag-pas-velo","tag-vtt","tag-week-end"],"_links":{"self":[{"href":"http:\/\/www.acbedoulen.fr\/wp\/index.php?rest_route=\/wp\/v2\/posts\/65","targetHints":{"allow":["GET"]}}],"collection":[{"href":"http:\/\/www.acbedoulen.fr\/wp\/index.php?rest_route=\/wp\/v2\/posts"}],"about":[{"href":"http:\/\/www.acbedoulen.fr\/wp\/index.php?rest_route=\/wp\/v2\/types\/post"}],"author":[{"embeddable":true,"href":"http:\/\/www.acbedoulen.fr\/wp\/index.php?rest_route=\/wp\/v2\/users\/1"}],"replies":[{"embeddable":true,"href":"http:\/\/www.acbedoulen.fr\/wp\/index.php?rest_route=%2Fwp%2Fv2%2Fcomments&post=65"}],"version-history":[{"count":1,"href":"http:\/\/www.acbedoulen.fr\/wp\/index.php?rest_route=\/wp\/v2\/posts\/65\/revisions"}],"predecessor-version":[{"id":128,"href":"http:\/\/www.acbedoulen.fr\/wp\/index.php?rest_route=\/wp\/v2\/posts\/65\/revisions\/128"}],"wp:attachment":[{"href":"http:\/\/www.acbedoulen.fr\/wp\/index.php?rest_route=%2Fwp%2Fv2%2Fmedia&parent=65"}],"wp:term":[{"taxonomy":"category","embeddable":true,"href":"http:\/\/www.acbedoulen.fr\/wp\/index.php?rest_route=%2Fwp%2Fv2%2Fcategories&post=65"},{"taxonomy":"post_tag","embeddable":true,"href":"http:\/\/www.acbedoulen.fr\/wp\/index.php?rest_route=%2Fwp%2Fv2%2Ftags&post=65"}],"curies":[{"name":"wp","href":"https:\/\/api.w.org\/{rel}","templated":true}]}}