{"id":644,"date":"2016-04-07T21:41:42","date_gmt":"2016-04-07T20:41:42","guid":{"rendered":"http:\/\/www.acbedoulen.fr\/wp\/?p=644"},"modified":"2016-04-08T09:48:53","modified_gmt":"2016-04-08T08:48:53","slug":"vetathlon-finale-du-2e-challenge-du-soleil","status":"publish","type":"post","link":"http:\/\/www.acbedoulen.fr\/wp\/?p=644","title":{"rendered":"Vet&rsquo;athlon: finale du 2e Challenge du Soleil"},"content":{"rendered":"<p><a href=\"http:\/\/www.flickr.com\/photos\/acbedoulen\/albums\/72157666775968451\" target=\"_blank\"><img loading=\"lazy\" decoding=\"async\" class=\"alignright wp-image-645 size-medium\" src=\"http:\/\/www.acbedoulen.fr\/wp\/wp-content\/uploads\/2016\/04\/2-300x169.jpg\" alt=\"2\" width=\"300\" height=\"169\" \/><\/a>La finale s&rsquo;est d\u00e9roul\u00e9e au Cap Sici\u00e9 le 20 mars 2016.<\/p>\n<p>Voici <a href=\"http:\/\/www.flickr.com\/photos\/acbedoulen\/albums\/72157666775968451\" target=\"_blank\">les photos<\/a>, <a href=\"http:\/\/acbedoulen.free.fr\/2016\/Vet%20Athlon\/Re%CC%81sultats%20Ve%CC%81tathlon%20du%20Cap%20Sicie%CC%81%202016.xls\" target=\"_blank\">les r\u00e9sultats de l&rsquo;\u00e9preuve<\/a> et <a href=\"http:\/\/acbedoulen.free.fr\/2016\/Vet%20Athlon\/Re%CC%81sultats%20challenge%20ve%CC%81tathlon%20du%20soleil%202016.xlsb\" target=\"_blank\">le classement du challenge<\/a>.<\/p>\n","protected":false},"excerpt":{"rendered":"<p>La finale s&rsquo;est d\u00e9roul\u00e9e au Cap Sici\u00e9 le 20 mars 2016. Voici les photos, les r\u00e9sultats de l&rsquo;\u00e9preuve et le classement du challenge.<\/p>\n","protected":false},"author":1,"featured_media":0,"comment_status":"closed","ping_status":"open","sticky":false,"template":"","format":"standard","meta":{"footnotes":""},"categories":[1],"tags":[20,15,21,19,7],"class_list":["post-644","post","type-post","status-publish","format-standard","hentry","category-non-classe","tag-course","tag-photos","tag-resultats","tag-vetathlon","tag-vtt"],"_links":{"self":[{"href":"http:\/\/www.acbedoulen.fr\/wp\/index.php?rest_route=\/wp\/v2\/posts\/644","targetHints":{"allow":["GET"]}}],"collection":[{"href":"http:\/\/www.acbedoulen.fr\/wp\/index.php?rest_route=\/wp\/v2\/posts"}],"about":[{"href":"http:\/\/www.acbedoulen.fr\/wp\/index.php?rest_route=\/wp\/v2\/types\/post"}],"author":[{"embeddable":true,"href":"http:\/\/www.acbedoulen.fr\/wp\/index.php?rest_route=\/wp\/v2\/users\/1"}],"replies":[{"embeddable":true,"href":"http:\/\/www.acbedoulen.fr\/wp\/index.php?rest_route=%2Fwp%2Fv2%2Fcomments&post=644"}],"version-history":[{"count":4,"href":"http:\/\/www.acbedoulen.fr\/wp\/index.php?rest_route=\/wp\/v2\/posts\/644\/revisions"}],"predecessor-version":[{"id":650,"href":"http:\/\/www.acbedoulen.fr\/wp\/index.php?rest_route=\/wp\/v2\/posts\/644\/revisions\/650"}],"wp:attachment":[{"href":"http:\/\/www.acbedoulen.fr\/wp\/index.php?rest_route=%2Fwp%2Fv2%2Fmedia&parent=644"}],"wp:term":[{"taxonomy":"category","embeddable":true,"href":"http:\/\/www.acbedoulen.fr\/wp\/index.php?rest_route=%2Fwp%2Fv2%2Fcategories&post=644"},{"taxonomy":"post_tag","embeddable":true,"href":"http:\/\/www.acbedoulen.fr\/wp\/index.php?rest_route=%2Fwp%2Fv2%2Ftags&post=644"}],"curies":[{"name":"wp","href":"https:\/\/api.w.org\/{rel}","templated":true}]}}