{"id":64,"date":"2012-01-15T20:46:50","date_gmt":"2012-01-15T19:46:50","guid":{"rendered":"http:\/\/ed4aec24-5856-4fe2-bcf3-e226ac433f03"},"modified":"2014-05-20T09:59:43","modified_gmt":"2014-05-20T08:59:43","slug":"les-collines-de-carnoux","status":"publish","type":"post","link":"http:\/\/www.acbedoulen.fr\/wp\/?p=64","title":{"rendered":"Les collines de Carnoux"},"content":{"rendered":"<p><a href=\"perma:\/\/BLPageReference\/ADAC6D25-8842-4E1B-BC51-619D84C53663\">Les photos du week-end, ici<\/a>.<\/p>\n<p>Grand beau temps, 240 coureurs au total (le double de l\u2019an pass\u00e9 selon le speaker), le rendez vous \u00e9tait donn\u00e9 au cynodrome\u00a0 de Carnoux et le circuit de 6 km assez roulant \u00e0 ex\u00e9cuter une ou deux fois selon les cat\u00e9gories benjamin et minime.<\/p>\n<p>Lo\u00efc BAZIN en benjamin, pour sa premi\u00e8re participation, et malgr\u00e9 une chute, finissait \u00e0 une bonne 14e place.<br \/>\nEn minime, Thibaut MARTIN apr\u00e8s un d\u00e9part en trombe (1 tour du cynodrome \u00e0 fond avant de partir dans la nature) gardait contact avec les tous meilleurs et finissait \u00e0 une excellente cinqui\u00e8me place malgr\u00e9 une rude concurrence.<br \/>\nEnfin, toujours en minime, Florian CHAPON, ne d\u00e9m\u00e9ritait pas en se classant \u00e0 une honorable douzi\u00e8me place.<br \/>\nBelle organisation de nos amis de l\u2019AS CARNOUX Cyclo avec toutefois un b\u00e9mol, mais l\u2019\u00e9quipe du Pr\u00e9sident SAURY n\u2019est en rien responsable de ce couac: un mauvais point en effet pour le chronom\u00e9trage de KMS, des temps relev\u00e9s fantaisistes et en fin de compte un classement des minimes d\u00e9partag\u00e9s&#8230; par la camera \u00e0 l\u2019arriv\u00e9e, pas de chrono! La technique p\u00e9dalait elle aussi &#8230; mais dans la choucroute!<\/p>\n","protected":false},"excerpt":{"rendered":"<p>Les photos du week-end, ici. Grand beau temps, 240 coureurs au total (le double de l\u2019an pass\u00e9 selon le speaker), le rendez vous \u00e9tait donn\u00e9 au cynodrome\u00a0 de Carnoux et le circuit de 6 km assez roulant \u00e0 ex\u00e9cuter une ou deux fois selon les cat\u00e9gories benjamin et minime. Lo\u00efc BAZIN en benjamin, pour sa [&hellip;]<\/p>\n","protected":false},"author":1,"featured_media":0,"comment_status":"open","ping_status":"open","sticky":false,"template":"","format":"standard","meta":{"footnotes":""},"categories":[1],"tags":[17,7],"class_list":["post-64","post","type-post","status-publish","format-standard","hentry","category-non-classe","tag-sortie","tag-vtt"],"_links":{"self":[{"href":"http:\/\/www.acbedoulen.fr\/wp\/index.php?rest_route=\/wp\/v2\/posts\/64","targetHints":{"allow":["GET"]}}],"collection":[{"href":"http:\/\/www.acbedoulen.fr\/wp\/index.php?rest_route=\/wp\/v2\/posts"}],"about":[{"href":"http:\/\/www.acbedoulen.fr\/wp\/index.php?rest_route=\/wp\/v2\/types\/post"}],"author":[{"embeddable":true,"href":"http:\/\/www.acbedoulen.fr\/wp\/index.php?rest_route=\/wp\/v2\/users\/1"}],"replies":[{"embeddable":true,"href":"http:\/\/www.acbedoulen.fr\/wp\/index.php?rest_route=%2Fwp%2Fv2%2Fcomments&post=64"}],"version-history":[{"count":1,"href":"http:\/\/www.acbedoulen.fr\/wp\/index.php?rest_route=\/wp\/v2\/posts\/64\/revisions"}],"predecessor-version":[{"id":127,"href":"http:\/\/www.acbedoulen.fr\/wp\/index.php?rest_route=\/wp\/v2\/posts\/64\/revisions\/127"}],"wp:attachment":[{"href":"http:\/\/www.acbedoulen.fr\/wp\/index.php?rest_route=%2Fwp%2Fv2%2Fmedia&parent=64"}],"wp:term":[{"taxonomy":"category","embeddable":true,"href":"http:\/\/www.acbedoulen.fr\/wp\/index.php?rest_route=%2Fwp%2Fv2%2Fcategories&post=64"},{"taxonomy":"post_tag","embeddable":true,"href":"http:\/\/www.acbedoulen.fr\/wp\/index.php?rest_route=%2Fwp%2Fv2%2Ftags&post=64"}],"curies":[{"name":"wp","href":"https:\/\/api.w.org\/{rel}","templated":true}]}}