{"id":60,"date":"2012-07-28T21:24:17","date_gmt":"2012-07-28T20:24:17","guid":{"rendered":"http:\/\/a3382f56-b59d-4096-a0c5-96ab3b52f553"},"modified":"2014-05-20T09:53:50","modified_gmt":"2014-05-20T08:53:50","slug":"ajout-de-deux-videos","status":"publish","type":"post","link":"http:\/\/www.acbedoulen.fr\/wp\/?p=60","title":{"rendered":"Ajout de deux videos"},"content":{"rendered":"<p>\u27a1 <a href=\"http:\/\/www.youtube.com\/watch?v=vqpnTkIzkkU\">Troph\u00e9e R\u00e9gional des Jeunes V\u00e9t\u00e9tistes 2003, manche organis\u00e9e par l\u2019A.C.B.<\/a><\/p>\n<p>\u27a1 <a href=\"http:\/\/www.youtube.com\/watch?v=gy_NC0Efw2o\"> 7e Grand prix de Roquefort- la B\u00e9doule, organis\u00e9 par l\u2019A.C.B.<\/a><\/p>\n","protected":false},"excerpt":{"rendered":"<p>\u27a1 Troph\u00e9e R\u00e9gional des Jeunes V\u00e9t\u00e9tistes 2003, manche organis\u00e9e par l\u2019A.C.B. \u27a1 7e Grand prix de Roquefort- la B\u00e9doule, organis\u00e9 par l\u2019A.C.B.<\/p>\n","protected":false},"author":1,"featured_media":0,"comment_status":"open","ping_status":"open","sticky":false,"template":"","format":"standard","meta":{"footnotes":""},"categories":[1],"tags":[20,9,27,14,7],"class_list":["post-60","post","type-post","status-publish","format-standard","hentry","category-non-classe","tag-course","tag-route","tag-trjv","tag-video","tag-vtt"],"_links":{"self":[{"href":"http:\/\/www.acbedoulen.fr\/wp\/index.php?rest_route=\/wp\/v2\/posts\/60","targetHints":{"allow":["GET"]}}],"collection":[{"href":"http:\/\/www.acbedoulen.fr\/wp\/index.php?rest_route=\/wp\/v2\/posts"}],"about":[{"href":"http:\/\/www.acbedoulen.fr\/wp\/index.php?rest_route=\/wp\/v2\/types\/post"}],"author":[{"embeddable":true,"href":"http:\/\/www.acbedoulen.fr\/wp\/index.php?rest_route=\/wp\/v2\/users\/1"}],"replies":[{"embeddable":true,"href":"http:\/\/www.acbedoulen.fr\/wp\/index.php?rest_route=%2Fwp%2Fv2%2Fcomments&post=60"}],"version-history":[{"count":1,"href":"http:\/\/www.acbedoulen.fr\/wp\/index.php?rest_route=\/wp\/v2\/posts\/60\/revisions"}],"predecessor-version":[{"id":120,"href":"http:\/\/www.acbedoulen.fr\/wp\/index.php?rest_route=\/wp\/v2\/posts\/60\/revisions\/120"}],"wp:attachment":[{"href":"http:\/\/www.acbedoulen.fr\/wp\/index.php?rest_route=%2Fwp%2Fv2%2Fmedia&parent=60"}],"wp:term":[{"taxonomy":"category","embeddable":true,"href":"http:\/\/www.acbedoulen.fr\/wp\/index.php?rest_route=%2Fwp%2Fv2%2Fcategories&post=60"},{"taxonomy":"post_tag","embeddable":true,"href":"http:\/\/www.acbedoulen.fr\/wp\/index.php?rest_route=%2Fwp%2Fv2%2Ftags&post=60"}],"curies":[{"name":"wp","href":"https:\/\/api.w.org\/{rel}","templated":true}]}}