{"id":590,"date":"2016-03-09T23:12:08","date_gmt":"2016-03-09T22:12:08","guid":{"rendered":"http:\/\/www.acbedoulen.fr\/wp\/?p=590"},"modified":"2016-03-15T23:23:18","modified_gmt":"2016-03-15T22:23:18","slug":"les-resultats-du-5e-vetathlon-de-roquefort-la-bedoule","status":"publish","type":"post","link":"http:\/\/www.acbedoulen.fr\/wp\/?p=590","title":{"rendered":"Les r\u00e9sultats du 5e vet&rsquo;athlon de Roquefort la B\u00e9doule"},"content":{"rendered":"<p><img loading=\"lazy\" decoding=\"async\" class=\"alignright wp-image-610 size-medium\" src=\"http:\/\/www.acbedoulen.fr\/wp\/wp-content\/uploads\/2016\/03\/resultats-300x171.jpg\" alt=\"resultats\" width=\"300\" height=\"171\" srcset=\"http:\/\/www.acbedoulen.fr\/wp\/wp-content\/uploads\/2016\/03\/resultats-300x171.jpg 300w, http:\/\/www.acbedoulen.fr\/wp\/wp-content\/uploads\/2016\/03\/resultats.jpg 741w\" sizes=\"auto, (max-width: 300px) 100vw, 300px\" \/>Voici les temps et classement du v\u00e9t&rsquo;athlon organis\u00e9 par l&rsquo;A.C.B.<\/p>\n<blockquote><p><a href=\"http:\/\/acbedoulen.free.fr\/2016\/Vet%20Athlon\/Classements_5e_vetathlon.pdf\" target=\"_blank\">Classements par cat\u00e9gories<\/a><\/p><\/blockquote>\n<blockquote><p><a href=\"http:\/\/acbedoulen.free.fr\/2016\/Vet%20Athlon\/Temps_par_dossard_5e_vetathlon.pdf\" target=\"_blank\">Temps tri\u00e9s par dossards<\/a><\/p><\/blockquote>\n","protected":false},"excerpt":{"rendered":"<p>Voici les temps et classement du v\u00e9t&rsquo;athlon organis\u00e9 par l&rsquo;A.C.B. Classements par cat\u00e9gories Temps tri\u00e9s par dossards<\/p>\n","protected":false},"author":1,"featured_media":0,"comment_status":"closed","ping_status":"open","sticky":false,"template":"","format":"standard","meta":{"footnotes":""},"categories":[1],"tags":[20,21,19,7],"class_list":["post-590","post","type-post","status-publish","format-standard","hentry","category-non-classe","tag-course","tag-resultats","tag-vetathlon","tag-vtt"],"_links":{"self":[{"href":"http:\/\/www.acbedoulen.fr\/wp\/index.php?rest_route=\/wp\/v2\/posts\/590","targetHints":{"allow":["GET"]}}],"collection":[{"href":"http:\/\/www.acbedoulen.fr\/wp\/index.php?rest_route=\/wp\/v2\/posts"}],"about":[{"href":"http:\/\/www.acbedoulen.fr\/wp\/index.php?rest_route=\/wp\/v2\/types\/post"}],"author":[{"embeddable":true,"href":"http:\/\/www.acbedoulen.fr\/wp\/index.php?rest_route=\/wp\/v2\/users\/1"}],"replies":[{"embeddable":true,"href":"http:\/\/www.acbedoulen.fr\/wp\/index.php?rest_route=%2Fwp%2Fv2%2Fcomments&post=590"}],"version-history":[{"count":4,"href":"http:\/\/www.acbedoulen.fr\/wp\/index.php?rest_route=\/wp\/v2\/posts\/590\/revisions"}],"predecessor-version":[{"id":613,"href":"http:\/\/www.acbedoulen.fr\/wp\/index.php?rest_route=\/wp\/v2\/posts\/590\/revisions\/613"}],"wp:attachment":[{"href":"http:\/\/www.acbedoulen.fr\/wp\/index.php?rest_route=%2Fwp%2Fv2%2Fmedia&parent=590"}],"wp:term":[{"taxonomy":"category","embeddable":true,"href":"http:\/\/www.acbedoulen.fr\/wp\/index.php?rest_route=%2Fwp%2Fv2%2Fcategories&post=590"},{"taxonomy":"post_tag","embeddable":true,"href":"http:\/\/www.acbedoulen.fr\/wp\/index.php?rest_route=%2Fwp%2Fv2%2Ftags&post=590"}],"curies":[{"name":"wp","href":"https:\/\/api.w.org\/{rel}","templated":true}]}}