{"id":588,"date":"2016-03-10T21:50:24","date_gmt":"2016-03-10T20:50:24","guid":{"rendered":"http:\/\/www.acbedoulen.fr\/wp\/?p=588"},"modified":"2016-04-08T09:49:32","modified_gmt":"2016-04-08T08:49:32","slug":"les-photos-du-5e-vetathlon-de-lacb","status":"publish","type":"post","link":"http:\/\/www.acbedoulen.fr\/wp\/?p=588","title":{"rendered":"Les photos du 5e vet&rsquo;athlon de l&rsquo;ACB"},"content":{"rendered":"<p><a href=\"http:\/\/www.flickr.com\/photos\/acbedoulen\/albums\/72157666775968451\" target=\"_blank\"><img loading=\"lazy\" decoding=\"async\" class=\"alignright wp-image-608 size-medium\" src=\"http:\/\/www.acbedoulen.fr\/wp\/wp-content\/uploads\/2016\/03\/5e-vet-300x200.jpg\" alt=\"5e vet\" width=\"300\" height=\"200\" srcset=\"http:\/\/www.acbedoulen.fr\/wp\/wp-content\/uploads\/2016\/03\/5e-vet-300x200.jpg 300w, http:\/\/www.acbedoulen.fr\/wp\/wp-content\/uploads\/2016\/03\/5e-vet-768x513.jpg 768w, http:\/\/www.acbedoulen.fr\/wp\/wp-content\/uploads\/2016\/03\/5e-vet.jpg 949w\" sizes=\"auto, (max-width: 300px) 100vw, 300px\" \/><\/a>Voici les premi\u00e8res photos de cette superbe journ\u00e9e du 6 mars 2016:<\/p>\n<blockquote><p><a href=\"http:\/\/www.flickr.com\/photos\/acbedoulen\/sets\/72157665608658425\/with\/25596795455\/\" target=\"_blank\">L&rsquo;album du 5e vet&rsquo;athlon sur flickr<\/a><\/p><\/blockquote>\n<p>[m\u00e0j] D&rsquo;autres photos sont disponibles sur le site de\u00a0<a href=\"http:\/\/www.photossports.net\/-\/galleries\/vetathlon-dim-6-mars-2016\" target=\"_blank\">PHOTOSSPORTS<\/a><\/p>\n","protected":false},"excerpt":{"rendered":"<p>Voici les premi\u00e8res photos de cette superbe journ\u00e9e du 6 mars 2016: L&rsquo;album du 5e vet&rsquo;athlon sur flickr [m\u00e0j] D&rsquo;autres photos sont disponibles sur le site de\u00a0PHOTOSSPORTS<\/p>\n","protected":false},"author":1,"featured_media":0,"comment_status":"closed","ping_status":"open","sticky":false,"template":"","format":"standard","meta":{"footnotes":""},"categories":[1],"tags":[20,15,19,7],"class_list":["post-588","post","type-post","status-publish","format-standard","hentry","category-non-classe","tag-course","tag-photos","tag-vetathlon","tag-vtt"],"_links":{"self":[{"href":"http:\/\/www.acbedoulen.fr\/wp\/index.php?rest_route=\/wp\/v2\/posts\/588","targetHints":{"allow":["GET"]}}],"collection":[{"href":"http:\/\/www.acbedoulen.fr\/wp\/index.php?rest_route=\/wp\/v2\/posts"}],"about":[{"href":"http:\/\/www.acbedoulen.fr\/wp\/index.php?rest_route=\/wp\/v2\/types\/post"}],"author":[{"embeddable":true,"href":"http:\/\/www.acbedoulen.fr\/wp\/index.php?rest_route=\/wp\/v2\/users\/1"}],"replies":[{"embeddable":true,"href":"http:\/\/www.acbedoulen.fr\/wp\/index.php?rest_route=%2Fwp%2Fv2%2Fcomments&post=588"}],"version-history":[{"count":6,"href":"http:\/\/www.acbedoulen.fr\/wp\/index.php?rest_route=\/wp\/v2\/posts\/588\/revisions"}],"predecessor-version":[{"id":651,"href":"http:\/\/www.acbedoulen.fr\/wp\/index.php?rest_route=\/wp\/v2\/posts\/588\/revisions\/651"}],"wp:attachment":[{"href":"http:\/\/www.acbedoulen.fr\/wp\/index.php?rest_route=%2Fwp%2Fv2%2Fmedia&parent=588"}],"wp:term":[{"taxonomy":"category","embeddable":true,"href":"http:\/\/www.acbedoulen.fr\/wp\/index.php?rest_route=%2Fwp%2Fv2%2Fcategories&post=588"},{"taxonomy":"post_tag","embeddable":true,"href":"http:\/\/www.acbedoulen.fr\/wp\/index.php?rest_route=%2Fwp%2Fv2%2Ftags&post=588"}],"curies":[{"name":"wp","href":"https:\/\/api.w.org\/{rel}","templated":true}]}}