{"id":581,"date":"2016-02-09T22:57:55","date_gmt":"2016-02-09T21:57:55","guid":{"rendered":"http:\/\/www.acbedoulen.fr\/wp\/?p=581"},"modified":"2016-02-10T11:38:59","modified_gmt":"2016-02-10T10:38:59","slug":"cassis-le-30-janvier","status":"publish","type":"post","link":"http:\/\/www.acbedoulen.fr\/wp\/?p=581","title":{"rendered":"Le 30 janvier, \u00e0 Cassis, il a vol\u00e9"},"content":{"rendered":"<p>Samedi apr\u00e8s-midi, entrainement des jeunes au d\u00e9part de Cassis.<a href=\"http:\/\/www.acbedoulen.fr\/wp\/wp-content\/uploads\/2016\/02\/saut.jpg\" rel=\"attachment wp-att-582\"><img loading=\"lazy\" decoding=\"async\" class=\"alignright wp-image-582\" src=\"http:\/\/www.acbedoulen.fr\/wp\/wp-content\/uploads\/2016\/02\/saut-277x300.jpg\" alt=\"saut\" width=\"184\" height=\"200\" srcset=\"http:\/\/www.acbedoulen.fr\/wp\/wp-content\/uploads\/2016\/02\/saut-277x300.jpg 277w, http:\/\/www.acbedoulen.fr\/wp\/wp-content\/uploads\/2016\/02\/saut.jpg 330w\" sizes=\"auto, (max-width: 184px) 100vw, 184px\" \/><\/a><\/p>\n<p>Dans la remont\u00e9e des Janots, Thomas, Victor, Emilien et Augustin se sont lanc\u00e9s dans un petit concours de saut. Pendant que les autres d\u00e9gustaient leur gouter et que St\u00e9phane d\u00e9couvrait\u00a0sa durite de frein arri\u00e8re sectionn\u00e9e\u00a0par une pierre, quelques minutes plus t\u00f4t.<\/p>\n<p>Victor a surpass\u00e9\u00a0ses camardes. Sur le dernier saut, Thomas dira m\u00eame \u00ab\u00a0 Il a vol\u00e9\u00a0!\u00a0\u00bb<\/p>\n<p><a href=\"http:\/\/www.flickr.com\/photos\/acbedoulen\/24189742294\/\" target=\"_blank\">La video est ici !<\/a><\/p>\n","protected":false},"excerpt":{"rendered":"<p>Samedi apr\u00e8s-midi, entrainement des jeunes au d\u00e9part de Cassis. Dans la remont\u00e9e des Janots, Thomas, Victor, Emilien et Augustin se sont lanc\u00e9s dans un petit concours de saut. Pendant que les autres d\u00e9gustaient leur gouter et que St\u00e9phane d\u00e9couvrait\u00a0sa durite de frein arri\u00e8re sectionn\u00e9e\u00a0par une pierre, quelques minutes plus t\u00f4t. Victor a surpass\u00e9\u00a0ses camardes. Sur [&hellip;]<\/p>\n","protected":false},"author":1,"featured_media":0,"comment_status":"closed","ping_status":"open","sticky":false,"template":"","format":"standard","meta":{"footnotes":""},"categories":[1],"tags":[],"class_list":["post-581","post","type-post","status-publish","format-standard","hentry","category-non-classe"],"_links":{"self":[{"href":"http:\/\/www.acbedoulen.fr\/wp\/index.php?rest_route=\/wp\/v2\/posts\/581","targetHints":{"allow":["GET"]}}],"collection":[{"href":"http:\/\/www.acbedoulen.fr\/wp\/index.php?rest_route=\/wp\/v2\/posts"}],"about":[{"href":"http:\/\/www.acbedoulen.fr\/wp\/index.php?rest_route=\/wp\/v2\/types\/post"}],"author":[{"embeddable":true,"href":"http:\/\/www.acbedoulen.fr\/wp\/index.php?rest_route=\/wp\/v2\/users\/1"}],"replies":[{"embeddable":true,"href":"http:\/\/www.acbedoulen.fr\/wp\/index.php?rest_route=%2Fwp%2Fv2%2Fcomments&post=581"}],"version-history":[{"count":4,"href":"http:\/\/www.acbedoulen.fr\/wp\/index.php?rest_route=\/wp\/v2\/posts\/581\/revisions"}],"predecessor-version":[{"id":586,"href":"http:\/\/www.acbedoulen.fr\/wp\/index.php?rest_route=\/wp\/v2\/posts\/581\/revisions\/586"}],"wp:attachment":[{"href":"http:\/\/www.acbedoulen.fr\/wp\/index.php?rest_route=%2Fwp%2Fv2%2Fmedia&parent=581"}],"wp:term":[{"taxonomy":"category","embeddable":true,"href":"http:\/\/www.acbedoulen.fr\/wp\/index.php?rest_route=%2Fwp%2Fv2%2Fcategories&post=581"},{"taxonomy":"post_tag","embeddable":true,"href":"http:\/\/www.acbedoulen.fr\/wp\/index.php?rest_route=%2Fwp%2Fv2%2Ftags&post=581"}],"curies":[{"name":"wp","href":"https:\/\/api.w.org\/{rel}","templated":true}]}}