{"id":536,"date":"2015-12-06T21:43:31","date_gmt":"2015-12-06T20:43:31","guid":{"rendered":"http:\/\/www.acbedoulen.fr\/wp\/?p=536"},"modified":"2016-04-08T09:50:56","modified_gmt":"2016-04-08T08:50:56","slug":"les-20-ans-de-lavenir-cycliste-bedoulen","status":"publish","type":"post","link":"http:\/\/www.acbedoulen.fr\/wp\/?p=536","title":{"rendered":"Les 20 ans de l\u2019Avenir Cycliste B\u00e9doulen.\u00a0"},"content":{"rendered":"<p><a href=\"http:\/\/www.flickr.com\/photos\/acbedoulen\/albums\/72157661925462822\" target=\"_blank\"><img loading=\"lazy\" decoding=\"async\" class=\"alignright wp-image-541 size-medium\" src=\"http:\/\/www.acbedoulen.fr\/wp\/wp-content\/uploads\/2015\/12\/36_23486593281_o-e1449929292483-300x200.jpg\" alt=\"36_23486593281_o\" width=\"300\" height=\"200\" srcset=\"http:\/\/www.acbedoulen.fr\/wp\/wp-content\/uploads\/2015\/12\/36_23486593281_o-e1449929292483-300x200.jpg 300w, http:\/\/www.acbedoulen.fr\/wp\/wp-content\/uploads\/2015\/12\/36_23486593281_o-e1449929292483-1024x683.jpg 1024w, http:\/\/www.acbedoulen.fr\/wp\/wp-content\/uploads\/2015\/12\/36_23486593281_o-e1449929292483-768x513.jpg 768w\" sizes=\"auto, (max-width: 300px) 100vw, 300px\" \/><\/a>Samedi 14 novembre 2015, l\u2019Avenir Cycliste B\u00e9doulen f\u00eatait ses 20 ans d\u2019existence, dans la salle<br \/>\nAndr\u00e9 Malraux, particuli\u00e8rement pleine pour la circonstance.<\/p>\n<p>Compte tenu d\u2019une actualit\u00e9 dramatique, j\u2019ai demand\u00e9 tout d\u2019abord une minute de silence, religieusement suivie, en hommage aux victimes des attentats terroristes de la veille, avant de commencer les discours par un petit historique du club:<\/p>\n<p>\u00ab\u00a03 jeunes copains B\u00e9doulens envisageaient de cr\u00e9er un club de v\u00e9lo \u00e0 Roquefort la B\u00e9doule et plus particuli\u00e8rement de VTT. L\u2019ain\u00e9 de ces jeunes (25 ans) n\u2019\u00e9tait autre que notre maire actuel, J\u00e9r\u00f4me ORGEAS, suivi de son cousin S\u00e9bastien BALOCCO (20 ans) qui deviendra un peu plus tard le deuxi\u00e8me pr\u00e9sident de ce club pendant 8 ans, et qui en est encore son tr\u00e9sorier, et enfin le plus jeune, mon fils Christophe RABER (15 ans).<\/p>\n<p><!--more-->Bien que motiv\u00e9 par la cr\u00e9ation de ce club, il m\u2019apparaissait cependant n\u00e9cessaire de nous adjoindre les connaissances et le relationnel d\u2019un v\u00e9ritable dirigeant de club de v\u00e9lo. Peu de temps apr\u00e8s, et dans cette m\u00eame salle Andr\u00e9 Malraux, au cours d\u2019un repas dansant, j\u2019ai rencontr\u00e9\u00a0 Claude JAUFFRED, ancien Pr\u00e9sident du V\u00e9lo Club de St Marcel. L\u2019affaire fut rondement men\u00e9e, ce dernier appelant \u00e0 la rescousse son ancien bureau directeur. Marcel, Ang\u00e8le et Laurent B\u00e9renguer, Antoine et Yvette Vilalta, et Eliane Borel, qui allaient constituer le premier bureau avec votre serviteur en tant que secr\u00e9taire.<\/p>\n<p>Et le nouveau club de l\u2019Avenir Cycliste B\u00e9doulen voyait le jour au sein du CLUB de l\u2019AVENIR, une des associations les plus anciennes de notre commune, disposant de locaux. Nous avons \u00e9t\u00e9 gentiment accueillis par les anciens pr\u00e9sident et tr\u00e9sorier de cette Association, les regrett\u00e9s Andr\u00e9 Thomas et Pascal Ulivi. L\u2019ACB allait devenir tr\u00e8s vite un club \u00e0 part enti\u00e8re, inscrit au Comit\u00e9 de Provence de la F\u00e9d\u00e9ration Fran\u00e7aise de Cyclisme\u00a0\u00bb.<\/p>\n<p>Claude JAUFFRED, premier pr\u00e9sident fondateur du club, tr\u00e8s \u00e9mu, accompagn\u00e9 de la plupart des membres du premier bureau directeur et de certains ex cadres, heureux de participer \u00e0 cet anniversaire, entre autres, R\u00e9gine et Bernard Cayol, et Philippe Bougon venaient au centre de la piste de danse sous les applaudissements de la foule. Ils \u00e9taient rejoints par l\u2019\u00e9quipe actuelle, moniteurs, les b\u00e9n\u00e9voles tr\u00e8s actifs, les cuistots, les \u00ab\u00a0petites mains\u00a0\u00bb qui participent \u00e0 la convivialit\u00e9 de ce club familial, avec un effectif stable d\u2019environ\u00a0 75 membres dont une trentaine d\u2019enfants et ados de 8 \u00e0 17 ans.<\/p>\n<p>Invit\u00e9 \u00e0 prendre la parole, J\u00e9r\u00f4me Orgeas, maire de la commune a r\u00e9affirm\u00e9 son attachement particulier \u00e0 ce club dont il est en fait \u00e0 l\u2019origine. Puis, des \u201canciens jeunes\u201d, entre autres Ludo et Margot Migliore, Guillaume et Axelle Piana, se sont rappel\u00e9s certaines anecdotes pass\u00e9es.<\/p>\n<p>En vingt ann\u00e9es d\u2019existence le club a organis\u00e9\u00a0:<\/p>\n<ul>\n<li>14 grands prix sur route de Roquefort la B\u00e9doule,\u00a0 dont 9 ont \u00e9t\u00e9 supports du championnat\u00a0de Provence seniors (2e\/3e cat\u00e9gorie) \/ juniors<\/li>\n<li>4 Vet\u2019Athlons (Course \u00e0 pied + VTT)<\/li>\n<li>3 troph\u00e9es VTT Casino<\/li>\n<li>2 manches TRJV (challenge FFC pour les jeunes)<\/li>\n<li>1 finale du championnat de Provence VTT<\/li>\n<li>17 \u00e9ditions d\u2019une rando raid VTT \u201cLa Proven\u00e7ale\u201d (parcours de 10 \u00e0 50 km)<\/li>\n<li>4 randos route \u201cLes Boucles B\u00e9doulennes\u201d (3 boucles additionnelles 30,70 et 100 km).<\/li>\n<\/ul>\n<p>Le club assure presque tous les samedis apr\u00e8s midi de septembre \u00e0 juin les entrainements des jeunes v\u00e9t\u00e9tistes, des sorties route le samedi matin, des sorties adultes VTT le dimanche matin, en semaine, et en fin d\u2019apr\u00e8s midi au printemps.<\/p>\n<p>Apr\u00e8s avoir remercier la vingtaine\u00a0 de b\u00e9n\u00e9voles qui avaient d\u00e9cor\u00e9 le matin m\u00eame la salle Malraux, et Mathilde et sa maman pour la superbe s\u00e9lection de photos jalonnant ces 20 ans d\u2019existence, j\u2019ai demand\u00e9 \u00e0 l\u2019assistance de faire une ovation \u00e0 notre Vice pr\u00e9sident, Jean Paul HERY, v\u00e9ritable homme orchestre sur le terrain, responsable des entrainements et des manifestations sportives organis\u00e9s par l\u2019ACB sans qui rien ne serait possible actuellement.<\/p>\n<p>Enfin de vifs remerciements \u00e9galement pour la dizaine de moniteurs, les b\u00e9n\u00e9voles, tr\u00e8s actifs, les cuistots r\u00e9alisateurs des pasta party et autres soir\u00e9es, et tous ceux qui concourent \u00e0 la bonne ambiance au sein du club.<\/p>\n<p>Puis les discours ont laiss\u00e9 place au repas, sous forme d\u2019ap\u00e9ritif dinatoire, buffet froid et chaud pr\u00e9par\u00e9 par le traiteur b\u00e9doulen, Patrick COCCHI, unanimement appr\u00e9ci\u00e9, et \u00e0 la soir\u00e9e dansante anim\u00e9 par le groupe \u00ab\u00a0Show Time\u00a0\u00bb d\u2019Auriol.<\/p>\n<p>Michel RABER.<\/p>\n<blockquote><p><a href=\"http:\/\/www.flickr.com\/photos\/acbedoulen\/albums\/72157661925462822\" target=\"_blank\">Les photos de la soir\u00e9e ici.<\/a><\/p><\/blockquote>\n","protected":false},"excerpt":{"rendered":"<p>Samedi 14 novembre 2015, l\u2019Avenir Cycliste B\u00e9doulen f\u00eatait ses 20 ans d\u2019existence, dans la salle Andr\u00e9 Malraux, particuli\u00e8rement pleine pour la circonstance. Compte tenu d\u2019une actualit\u00e9 dramatique, j\u2019ai demand\u00e9 tout d\u2019abord une minute de silence, religieusement suivie, en hommage aux victimes des attentats terroristes de la veille, avant de commencer les discours par un petit [&hellip;]<\/p>\n","protected":false},"author":1,"featured_media":0,"comment_status":"closed","ping_status":"open","sticky":false,"template":"","format":"standard","meta":{"footnotes":""},"categories":[1],"tags":[24,15,25],"class_list":["post-536","post","type-post","status-publish","format-standard","hentry","category-non-classe","tag-pas-velo","tag-photos","tag-soiree"],"_links":{"self":[{"href":"http:\/\/www.acbedoulen.fr\/wp\/index.php?rest_route=\/wp\/v2\/posts\/536","targetHints":{"allow":["GET"]}}],"collection":[{"href":"http:\/\/www.acbedoulen.fr\/wp\/index.php?rest_route=\/wp\/v2\/posts"}],"about":[{"href":"http:\/\/www.acbedoulen.fr\/wp\/index.php?rest_route=\/wp\/v2\/types\/post"}],"author":[{"embeddable":true,"href":"http:\/\/www.acbedoulen.fr\/wp\/index.php?rest_route=\/wp\/v2\/users\/1"}],"replies":[{"embeddable":true,"href":"http:\/\/www.acbedoulen.fr\/wp\/index.php?rest_route=%2Fwp%2Fv2%2Fcomments&post=536"}],"version-history":[{"count":5,"href":"http:\/\/www.acbedoulen.fr\/wp\/index.php?rest_route=\/wp\/v2\/posts\/536\/revisions"}],"predecessor-version":[{"id":652,"href":"http:\/\/www.acbedoulen.fr\/wp\/index.php?rest_route=\/wp\/v2\/posts\/536\/revisions\/652"}],"wp:attachment":[{"href":"http:\/\/www.acbedoulen.fr\/wp\/index.php?rest_route=%2Fwp%2Fv2%2Fmedia&parent=536"}],"wp:term":[{"taxonomy":"category","embeddable":true,"href":"http:\/\/www.acbedoulen.fr\/wp\/index.php?rest_route=%2Fwp%2Fv2%2Fcategories&post=536"},{"taxonomy":"post_tag","embeddable":true,"href":"http:\/\/www.acbedoulen.fr\/wp\/index.php?rest_route=%2Fwp%2Fv2%2Ftags&post=536"}],"curies":[{"name":"wp","href":"https:\/\/api.w.org\/{rel}","templated":true}]}}