{"id":49,"date":"2014-02-09T21:00:23","date_gmt":"2014-02-09T20:00:23","guid":{"rendered":"http:\/\/debc8e4e-16c2-4e8c-9ee7-171e4399e3fb"},"modified":"2014-05-20T15:19:01","modified_gmt":"2014-05-20T14:19:01","slug":"week-end-detente-raquettesraclette","status":"publish","type":"post","link":"http:\/\/www.acbedoulen.fr\/wp\/?p=49","title":{"rendered":"Week-end d\u00e9tente Raquettes+Raclette"},"content":{"rendered":"<p>Routes enneig\u00e9es au dessus de Digne et 2h30 de route quand m\u00eame.<\/p>\n<p>Bon accueil et chambres correctes, structure confortable, avec plusieurs salles, salle \u00e0 manger, salles de jeux (ping pong, baby-foot, billard&#8230;), et m\u00eame un hammam et massages (sur rendez-vous). L\u2019ap\u00e9ro de bienvenue offert par l\u2019A.C.B. et une bonne soupe au repas du vendredi soir permettaient de reprendre des couleurs aux joues!<\/p>\n<p>Le samedi apr\u00e8s un solide petit d\u00e9j\u2019, d\u00e8s 8h30, et malgr\u00e9 un temps gris, le groupe percevait le mat\u00e9riel ad hoc, raquettes et b\u00e2tons, r\u00e9glages divers, et pr\u00e9sentation de nos deux guides (un guide pour 20 personnes maxi).<br \/>\n<!--more--><br \/>\nTout le monde se v\u00e9hiculait ensuite vers Saint Vincent les Forts, une petite station \u00e0 quelques kilo- m\u00e8tres de l\u00e0 et deux escouades \u00e9taient constitu\u00e9es selon le ressenti de chacun. Le premier groupe pour un parcours avec des difficult\u00e9s techniques et une allure soutenue, et le deuxi\u00e8me ax\u00e9 sur une promenade d\u00e9couverte plus \u201ccool\u201d !<\/p>\n<p>Belle nature, nos deux \u201cmoniteurs\u201d agr\u00e9mentant cette sortie d\u2019anecdotes et de d\u00e9couvertes (petits cours d\u2019histoire, de g\u00e9ographie, reconnaissance d\u2019empreintes d\u2019animaux dans la neige&#8230;), regroupe- ment \u00e0 midi pour le pique-nique (sorti du sac) pr\u00e8s d\u2019une petite cabane et retour des \u201ctouristes\u201d en fin d\u2019apr\u00e8s midi, four- bus mais heureux!<\/p>\n<p>Le samedi soir fut consacr\u00e9, apr\u00e8s l\u2019ap\u00e9ro bien s\u00fbr, \u00e0 une tr\u00e8s copieuse ra- clette. Afin d\u2019\u00e9liminer cet abus de table (et de boissons!) certains ont pu participer \u00e0 la soir\u00e9e dansante tr\u00e8s \u201cDisco\u201d.<\/p>\n<p>Le Dimanche matin, par une journ\u00e9e radieuse, quelques uns d\u00e9cid\u00e8rent une deuxi\u00e8me sortie raquette aux abords directs de Seyne (vues magnifiques et allure \u201cbon enfant\u201d), alors que d\u2019autres pr\u00e9f\u00e9- raient se pr\u00e9lasser sur les transats du Centre de vacances, enfin un dernier bon repas terminait ce s\u00e9jour \u00e0 la grande satisfaction de l\u2019ensemble des participants.<\/p>\n<p>Avis: satisfaction ++\u2028Rapport qualit\u00e9\/prix (avec participation club!): ++<\/p>\n<p>Un s\u00e9jour printemps ou en Juin est \u00e0 l\u2019\u00e9tude pour l\u2019ann\u00e9e prochaine avec possi- bilit\u00e9 d\u2019amener les V.T.T. et d\u2019effectuer des descentes dans les<br \/>\nstations avoisinantes \u00e9quip\u00e9es de t\u00e9l\u00e9si\u00e8ges (stations hivers-\u00e9t\u00e9).<\/p>\n<p>Michel<\/p>\n<p><a href=\"http:\/\/www.flickr.com\/photos\/acbedoulen\/sets\/72157641480691143\/\">Les photos sont visibles ici <\/a><\/p>\n","protected":false},"excerpt":{"rendered":"<p>Routes enneig\u00e9es au dessus de Digne et 2h30 de route quand m\u00eame. Bon accueil et chambres correctes, structure confortable, avec plusieurs salles, salle \u00e0 manger, salles de jeux (ping pong, baby-foot, billard&#8230;), et m\u00eame un hammam et massages (sur rendez-vous). L\u2019ap\u00e9ro de bienvenue offert par l\u2019A.C.B. et une bonne soupe au repas du vendredi soir [&hellip;]<\/p>\n","protected":false},"author":1,"featured_media":0,"comment_status":"open","ping_status":"open","sticky":false,"template":"","format":"standard","meta":{"footnotes":""},"categories":[1],"tags":[22,24,17,23],"class_list":["post-49","post","type-post","status-publish","format-standard","hentry","category-non-classe","tag-neige","tag-pas-velo","tag-sortie","tag-week-end"],"_links":{"self":[{"href":"http:\/\/www.acbedoulen.fr\/wp\/index.php?rest_route=\/wp\/v2\/posts\/49","targetHints":{"allow":["GET"]}}],"collection":[{"href":"http:\/\/www.acbedoulen.fr\/wp\/index.php?rest_route=\/wp\/v2\/posts"}],"about":[{"href":"http:\/\/www.acbedoulen.fr\/wp\/index.php?rest_route=\/wp\/v2\/types\/post"}],"author":[{"embeddable":true,"href":"http:\/\/www.acbedoulen.fr\/wp\/index.php?rest_route=\/wp\/v2\/users\/1"}],"replies":[{"embeddable":true,"href":"http:\/\/www.acbedoulen.fr\/wp\/index.php?rest_route=%2Fwp%2Fv2%2Fcomments&post=49"}],"version-history":[{"count":2,"href":"http:\/\/www.acbedoulen.fr\/wp\/index.php?rest_route=\/wp\/v2\/posts\/49\/revisions"}],"predecessor-version":[{"id":224,"href":"http:\/\/www.acbedoulen.fr\/wp\/index.php?rest_route=\/wp\/v2\/posts\/49\/revisions\/224"}],"wp:attachment":[{"href":"http:\/\/www.acbedoulen.fr\/wp\/index.php?rest_route=%2Fwp%2Fv2%2Fmedia&parent=49"}],"wp:term":[{"taxonomy":"category","embeddable":true,"href":"http:\/\/www.acbedoulen.fr\/wp\/index.php?rest_route=%2Fwp%2Fv2%2Fcategories&post=49"},{"taxonomy":"post_tag","embeddable":true,"href":"http:\/\/www.acbedoulen.fr\/wp\/index.php?rest_route=%2Fwp%2Fv2%2Ftags&post=49"}],"curies":[{"name":"wp","href":"https:\/\/api.w.org\/{rel}","templated":true}]}}