{"id":474,"date":"2015-03-19T22:49:01","date_gmt":"2015-03-19T21:49:01","guid":{"rendered":"http:\/\/www.acbedoulen.fr\/wp\/?p=474"},"modified":"2015-03-19T23:07:28","modified_gmt":"2015-03-19T22:07:28","slug":"raquettes-raclette-mars-2015","status":"publish","type":"post","link":"http:\/\/www.acbedoulen.fr\/wp\/?p=474","title":{"rendered":"Raquettes &#038; Raclette, mars 2015"},"content":{"rendered":"<p><a href=\"http:\/\/www.acbedoulen.fr\/wp\/wp-content\/uploads\/2015\/03\/DSCN8129.jpg\"><img loading=\"lazy\" decoding=\"async\" class=\" size-medium wp-image-477 alignright\" src=\"http:\/\/www.acbedoulen.fr\/wp\/wp-content\/uploads\/2015\/03\/DSCN8129-300x225.jpg\" alt=\"DSCN8129\" width=\"300\" height=\"225\" srcset=\"http:\/\/www.acbedoulen.fr\/wp\/wp-content\/uploads\/2015\/03\/DSCN8129-300x225.jpg 300w, http:\/\/www.acbedoulen.fr\/wp\/wp-content\/uploads\/2015\/03\/DSCN8129-1024x768.jpg 1024w\" sizes=\"auto, (max-width: 300px) 100vw, 300px\" \/><\/a>Les membres de l\u2019Avenir Cycliste B\u00e9doulen sont avant tout des cyclistes, mais un peu de changement n\u2019est pas pour leur d\u00e9plaire. Et le vendredi 13 mars, pour 24 d\u2019entre-eux, c\u2019est pour un week-end de randonn\u00e9e en raquettes, qu\u2019ils se sont rendus \u00e0 Seyne-les Alpes, et plus pr\u00e9cis\u00e9ment, dans le Village Vacances Cap France \u00ab\u00a0Air Soleil\u00a0\u00bb.<\/p>\n<blockquote><p><a title=\"Photos du week-end\" href=\"http:\/\/www.flickr.com\/photos\/acbedoulen\/sets\/72157650964073228\/\">Les photos du week-end.<\/a><\/p><\/blockquote>\n<p>Le trajet, l\u2019arriv\u00e9e le vendredi apr\u00e8s-midi, et l\u2019installation dans les chambres n\u2019ont pas pos\u00e9 de probl\u00e8mes majeurs, et ont \u00e9t\u00e9 suivis de la distribution des b\u00e2tons et raquettes, d\u2019un solide repas et de jeux en soir\u00e9e, o\u00f9 ont r\u00e9gn\u00e9 rires et bonne humeur&#8230;<\/p>\n<p><!--more-->Le lendemain matin, apr\u00e8s un sommeil r\u00e9parateur et d\u00e9s le petit d\u00e9jeuner aval\u00e9, d\u00e9part sous la neige, pour le village de Chabanon. Sous la houlette de William, le guide local, le petit groupe a progress\u00e9 \u00e0 flanc de montagne, admirant le magnifique panorama lors des quelques d\u00e9chirures dans le brouillard et la neige. Pour le repas, William a su trouver une bergerie, et le superbe pique-nique, pr\u00e9par\u00e9 par l\u2019h\u00f4tel, a pu \u00eatre savour\u00e9, au sec, toujours dans une belle ambiance. Puis, le petit groupe, apr\u00e8s avoir nettoy\u00e9 les lieux de libations, a repris sa ballade, ponctu\u00e9e par le raclement des raquettes. Le guide a profit\u00e9 du retour, et de la belle \u00e9nergie acquise lors du repas, pour faire observer et reconnaitre quelques traces (sangliers, bouquetins, chamois, renards, etc.), imprim\u00e9es dans la neige, et sortir de son sac \u00e0 dos quelques pattes naturalis\u00e9es, et quelques cornes et bois de cervid\u00e9s, pour \u00e9tayer ses propos.\u00a0Un renard, sur l\u2019autre versant a longtemps surveill\u00e9 le petit groupe, avant de disparaitre dans un pli du terrain.<\/p>\n<p>De retour aux voitures, et une fois le mat\u00e9riel nettoy\u00e9 et rang\u00e9, le court trajet conduisant \u00e0 l\u2019h\u00f4tel a permis un retour au calme, et un petit repos bien m\u00e9rit\u00e9. Tout le monde s\u2019est retrouv\u00e9 dans la salle de restaurant pour une excellente et copieuse raclette, avant de dignement f\u00eater l\u2019anniversaire de deux adh\u00e9rentes, et de finir la soir\u00e9e sur la piste de danse, avec une belle \u00e9nergie.<\/p>\n<p>La randonn\u00e9e de la matin\u00e9e du dimanche, a b\u00e9n\u00e9fici\u00e9 d\u2019alternances entre soleil et flocons de neige, et a permis de cl\u00f4turer agr\u00e9ablement ce week-end raquette, avant le repas, convivial et anim\u00e9, et le retour vers la M\u00e9diterran\u00e9e dans les diff\u00e9rents v\u00e9hicules. Une superbe sortie, de l\u2019avis de tous, \u00e0 refaire absolument, l\u2019ann\u00e9e prochaine.<\/p>\n<p>Michel Gebelin.<\/p>\n","protected":false},"excerpt":{"rendered":"<p>Les membres de l\u2019Avenir Cycliste B\u00e9doulen sont avant tout des cyclistes, mais un peu de changement n\u2019est pas pour leur d\u00e9plaire. Et le vendredi 13 mars, pour 24 d\u2019entre-eux, c\u2019est pour un week-end de randonn\u00e9e en raquettes, qu\u2019ils se sont rendus \u00e0 Seyne-les Alpes, et plus pr\u00e9cis\u00e9ment, dans le Village Vacances Cap France \u00ab\u00a0Air Soleil\u00a0\u00bb. [&hellip;]<\/p>\n","protected":false},"author":1,"featured_media":0,"comment_status":"closed","ping_status":"open","sticky":false,"template":"","format":"standard","meta":{"footnotes":""},"categories":[1],"tags":[22,24,17,23],"class_list":["post-474","post","type-post","status-publish","format-standard","hentry","category-non-classe","tag-neige","tag-pas-velo","tag-sortie","tag-week-end"],"_links":{"self":[{"href":"http:\/\/www.acbedoulen.fr\/wp\/index.php?rest_route=\/wp\/v2\/posts\/474","targetHints":{"allow":["GET"]}}],"collection":[{"href":"http:\/\/www.acbedoulen.fr\/wp\/index.php?rest_route=\/wp\/v2\/posts"}],"about":[{"href":"http:\/\/www.acbedoulen.fr\/wp\/index.php?rest_route=\/wp\/v2\/types\/post"}],"author":[{"embeddable":true,"href":"http:\/\/www.acbedoulen.fr\/wp\/index.php?rest_route=\/wp\/v2\/users\/1"}],"replies":[{"embeddable":true,"href":"http:\/\/www.acbedoulen.fr\/wp\/index.php?rest_route=%2Fwp%2Fv2%2Fcomments&post=474"}],"version-history":[{"count":4,"href":"http:\/\/www.acbedoulen.fr\/wp\/index.php?rest_route=\/wp\/v2\/posts\/474\/revisions"}],"predecessor-version":[{"id":479,"href":"http:\/\/www.acbedoulen.fr\/wp\/index.php?rest_route=\/wp\/v2\/posts\/474\/revisions\/479"}],"wp:attachment":[{"href":"http:\/\/www.acbedoulen.fr\/wp\/index.php?rest_route=%2Fwp%2Fv2%2Fmedia&parent=474"}],"wp:term":[{"taxonomy":"category","embeddable":true,"href":"http:\/\/www.acbedoulen.fr\/wp\/index.php?rest_route=%2Fwp%2Fv2%2Fcategories&post=474"},{"taxonomy":"post_tag","embeddable":true,"href":"http:\/\/www.acbedoulen.fr\/wp\/index.php?rest_route=%2Fwp%2Fv2%2Ftags&post=474"}],"curies":[{"name":"wp","href":"https:\/\/api.w.org\/{rel}","templated":true}]}}