{"id":460,"date":"2015-02-24T23:28:27","date_gmt":"2015-02-24T22:28:27","guid":{"rendered":"http:\/\/www.acbedoulen.fr\/wp\/?p=460"},"modified":"2015-02-24T23:41:32","modified_gmt":"2015-02-24T22:41:32","slug":"des-crepes","status":"publish","type":"post","link":"http:\/\/www.acbedoulen.fr\/wp\/?p=460","title":{"rendered":"Des cr\u00eapes !"},"content":{"rendered":"<p>Samedi\u00a0 dernier, vers 16h45, apr\u00e8s l\u2019entrainement , l\u2019Avenir Cycliste B\u00e9doulen avait pr\u00e9vu un go\u00fbter pour reconstituer les calories des jeunes et des accompagnateurs, avec quelques cr\u00eapes sucr\u00e9es dans la salle du Club de l\u2019Avenir (maison m\u00e8re de l\u2019A.C.B.) \u00e0 Roquefort. Le temps particuli\u00e8rement mauvais (pluie, gr\u00eale et froid) n\u2019a pas permis de maintenir l\u2019entrainement, mais\u00a0le go\u00fbter, oui !<\/p>\n<p><!--more--><\/p>\n<p>Et ce n&rsquo;est pas tout ! Tous les adh\u00e9rents du club, jeunes et moins jeunes, se sont retrouv\u00e9s le soir, \u00e0 partir de 19h, pour un ap\u00e9ro dinatoire constitu\u00e9 de cr\u00eapes sal\u00e9es\/sucr\u00e9es pr\u00e9par\u00e9es par le chef cuistot attitr\u00e9: G\u00e9rald. Alors qu\u2019en cuisine, il n\u2019\u00e9tait question que de p\u00e2te \u00e0 cr\u00eapes, sauce b\u00e9chamel, et autre appareils, les conversations ont \u00e9t\u00e9 men\u00e9es grand train, pendant le convivial ap\u00e9ritif qui lan\u00e7ait cette sympathique soir\u00e9e, et il n\u2019\u00e9tait pas question que de v\u00e9lo. Le repas, servi \u00e0 table par les b\u00e9n\u00e9voles du bureau, a \u00e9t\u00e9 unanimement appr\u00e9ci\u00e9, et, malgr\u00e9 la grande quantit\u00e9 de cr\u00eapes pr\u00e9par\u00e9es par G\u00e9rard, accompagn\u00e9es de sauces fabuleuses (faisant honneur \u00e0 sa formation et sa longue carri\u00e8re de p\u00e2tissier), il en restait bien peu \u00e0 l\u2019issue de cet aimable rassemblement.<\/p>\n<blockquote><p><a title=\"Photos de la soir\u00e9e\" href=\"http:\/\/www.flickr.com\/photos\/acbedoulen\/sets\/72157651012967311\/\" target=\"_blank\">Les photos de la soir\u00e9e<\/a><\/p><\/blockquote>\n<p>Les joyeux convives ne se sont s\u00e9par\u00e9s que fort tard, et presque \u00e0 regret. Qu\u2019ils se rassurent, les calories acquises lors de cette petite f\u00eate ont de fortes chances d\u2019\u00eatre \u00ab\u00a0brul\u00e9es\u00a0\u00bb au cours du<a title=\"4e Vet\u2019athlon de Roquefort la B\u00e9doule\" href=\"http:\/\/www.acbedoulen.fr\/wp\/?page_id=355\"> 4<sup>e<\/sup> Vet\u2019athlon (course p\u00e9destre associ\u00e9e \u00e0 une course cycliste) de dimanche prochain<\/a>.<\/p>\n<p>Michel Gebelin.<\/p>\n","protected":false},"excerpt":{"rendered":"<p>Samedi\u00a0 dernier, vers 16h45, apr\u00e8s l\u2019entrainement , l\u2019Avenir Cycliste B\u00e9doulen avait pr\u00e9vu un go\u00fbter pour reconstituer les calories des jeunes et des accompagnateurs, avec quelques cr\u00eapes sucr\u00e9es dans la salle du Club de l\u2019Avenir (maison m\u00e8re de l\u2019A.C.B.) \u00e0 Roquefort. Le temps particuli\u00e8rement mauvais (pluie, gr\u00eale et froid) n\u2019a pas permis de maintenir l\u2019entrainement, mais\u00a0le [&hellip;]<\/p>\n","protected":false},"author":1,"featured_media":0,"comment_status":"closed","ping_status":"open","sticky":false,"template":"","format":"standard","meta":{"footnotes":""},"categories":[1],"tags":[24,25],"class_list":["post-460","post","type-post","status-publish","format-standard","hentry","category-non-classe","tag-pas-velo","tag-soiree"],"_links":{"self":[{"href":"http:\/\/www.acbedoulen.fr\/wp\/index.php?rest_route=\/wp\/v2\/posts\/460","targetHints":{"allow":["GET"]}}],"collection":[{"href":"http:\/\/www.acbedoulen.fr\/wp\/index.php?rest_route=\/wp\/v2\/posts"}],"about":[{"href":"http:\/\/www.acbedoulen.fr\/wp\/index.php?rest_route=\/wp\/v2\/types\/post"}],"author":[{"embeddable":true,"href":"http:\/\/www.acbedoulen.fr\/wp\/index.php?rest_route=\/wp\/v2\/users\/1"}],"replies":[{"embeddable":true,"href":"http:\/\/www.acbedoulen.fr\/wp\/index.php?rest_route=%2Fwp%2Fv2%2Fcomments&post=460"}],"version-history":[{"count":5,"href":"http:\/\/www.acbedoulen.fr\/wp\/index.php?rest_route=\/wp\/v2\/posts\/460\/revisions"}],"predecessor-version":[{"id":466,"href":"http:\/\/www.acbedoulen.fr\/wp\/index.php?rest_route=\/wp\/v2\/posts\/460\/revisions\/466"}],"wp:attachment":[{"href":"http:\/\/www.acbedoulen.fr\/wp\/index.php?rest_route=%2Fwp%2Fv2%2Fmedia&parent=460"}],"wp:term":[{"taxonomy":"category","embeddable":true,"href":"http:\/\/www.acbedoulen.fr\/wp\/index.php?rest_route=%2Fwp%2Fv2%2Fcategories&post=460"},{"taxonomy":"post_tag","embeddable":true,"href":"http:\/\/www.acbedoulen.fr\/wp\/index.php?rest_route=%2Fwp%2Fv2%2Ftags&post=460"}],"curies":[{"name":"wp","href":"https:\/\/api.w.org\/{rel}","templated":true}]}}