{"id":35,"date":"2007-08-26T11:10:56","date_gmt":"2007-08-26T10:10:56","guid":{"rendered":"http:\/\/d962794d-25ec-46bc-8095-f116093c145f"},"modified":"2014-05-20T12:06:40","modified_gmt":"2014-05-20T11:06:40","slug":"randonnee-de-valbelle-a-tourves-83","status":"publish","type":"post","link":"http:\/\/www.acbedoulen.fr\/wp\/?p=35","title":{"rendered":"Randonn\u00e9e de Valbelle \u00e0 Tourves (83)"},"content":{"rendered":"<p><a href=\"http:\/\/acbedoulen.free.fr\/AvenirCyclisteBedoulen\/Blog\/Entries\/2007\/8\/26_Randonnee_de_Valbelle_a_Tourves_%2883%29_files\/shapeimage_1.jpg\"><img decoding=\"async\" style=\"float: left; padding-right: 10px; padding-bottom: 10px; width: 234px; height: 124px;\" src=\"http:\/\/acbedoulen.free.fr\/AvenirCyclisteBedoulen\/Blog\/Media\/object021_1.jpg\" alt=\"\" \/><\/a>Le rendez-vous est fix\u00e9 \u00e0 Tourves, sur la place du village. Fabrice et Maurice sont \u00e0 l\u2019heure, mais Philippe se fait attendre. Il arrive vers 8h45 avec Julien \u00e0 qui il a confi\u00e9 son ancien VTT. Apr\u00e8s notre inscription, nous nous lan\u00e7ons sur les 55 Km \u00e0 9h00. C\u2019est d\u00e9j\u00e0 tard. Une fois de plus les ing\u00e9nieurs M\u00e9t\u00e9o France ne se sont pas tromp\u00e9s. Le soleil, si timide cette semaine, nous rappelle que nous sommes encore en ao\u00fbt.<\/p>\n<p>Les kilom\u00e8tres d\u00e9filent vite. Le faible d\u00e9nivel\u00e9 nous permet de rouler \u00e0 plus de 20 Km\/h de moyenne. Attention ! A cette vitesse, il faut rester attentif \u00e0 chaque bifurcation. Le balisage, en vert, n\u2019est pas tr\u00e8s visible de loin. La petite mont\u00e9e, avant l\u2019arriv\u00e9 au premier ravitaillement, semble d\u00e9j\u00e0 difficile pour Maurice, \u00e0 moins que ce soit le petit d\u00e9jeuner qui coince\u00a0!!!<br \/>\n<!--more--><br \/>\nNous sommes en plein vignoble. C\u2019est directement les propri\u00e9taires de ce magnifique domaine qui nous re\u00e7oivent et nous proposent le ravitaillement, y compris une d\u00e9gustation de leurs meilleurs crus. Cela est-il vraiment en accord avec notre sport\u00a0? Seul Marc Philippe et moi go\u00fbtons les vins propos\u00e9s (blanc, ros\u00e9 et rouge). Ce d\u00e9licieux nectar fait d\u00e9j\u00e0 ces effets: les photos se troublent. Pendant que Marc fait le tour du propri\u00e9taire, Philippe, Julien et Fabrice r\u00e9parent la premi\u00e8re crevaison. Ils remontent une chambre \u00e0 air d\u00e9j\u00e0 r\u00e9par\u00e9e\u00a0!!!<\/p>\n<p>Nous repartons apr\u00e8s 15 minutes. Marc serait bien rest\u00e9 dans ce mas proven\u00e7al en si bonne compagnie, mais il nous faut repartir. Nous ne sommes pas encore sortis du domaine que Philippe cr\u00e8ve \u00e0 nouveau. Nous voil\u00e0 \u00e0 nouveau stopp\u00e9s pour r\u00e9parer. N\u2019ayant rien \u00e0 d\u00e9guster, tout le monde donne un coup de main: le pneu est inspect\u00e9 sous toutes les coutures, \u00e0 la recherche d\u2019une \u00e9pine rest\u00e9e dans la gomme. Rien. L\u2019examen de la chambre \u00e0 air nous fait penser que Philippe avait oubli\u00e9 un petit trou.<\/p>\n<p>Le reste de la balade se d\u00e9roule sans probl\u00e8me, chacun \u00e0 son rythme. N\u2019\u00e9tant pas attentifs au balisage vert &#8211; un peu difficile a voir de loin &#8211; les hommes de t\u00e8te se font surprendre par les changements de direction. Cela permet les d\u00e9passements : les derniers seront les premiers\u00a0!!!<br \/>\nNous parcourons tous types de terrains, sous-bois, champs de vignes, verg\u00e9s, singles, grandes pistes foresti\u00e8res: du bonheur pour tous. Les ravitaillements sont plac\u00e9s r\u00e9guli\u00e8rement et bien garnis.<\/p>\n<p>Soudain une petite pancarte \u00ab\u00a0Pont Romain\u00a0\u00bb. Nous traversons, par un pont en pierres s\u00e8ches, un petit cours d\u2019eau. L\u00e0, nous ne pouvons pas nous retenir de faire un petit arr\u00eat pour nous rafra\u00eechir. Marc tente de traverser en v\u00e9lo, mais il va vite se rendre compte que cette petite rivi\u00e8re est trop profonde pour son fid\u00e8le destrier. Il terminera \u00e0 pied.<\/p>\n<p>De retour \u00e0 Tourves, apr\u00e8s 35 Km et 2h30 de balade. Sous le soleil de cette fin ao\u00fbt nous r\u00e9visons nos intentions et d\u00e9cidons de ne pas repartir sur la seconde boucle de 20 Km. Nous sommes tr\u00e8s bien \u00e0 l\u2019ombre et \u00e0 proximit\u00e9 de la buvette o\u00f9 il nous est servit un copieux ravitaillement. De plus, Julien vient de crever. Il nous faudra imp\u00e9rativement offrir \u00e0 Philippe un stage pour lui apprendre \u00e0 r\u00e9parer ces roues et chambres \u00e0 air.<\/p>\n<p>Malgr\u00e9 un balisage que nous avons parfois cherch\u00e9, cette randonn\u00e9e \u00e9tait tr\u00e8s bien, nous reviendrons l\u2019an prochain. C\u2019est promis, nous partirons plus t\u00f4t pour faire les 55 Km.<\/p>\n<p><a href=\"..\/Photos_2007\/Pages\/Tourves_26_aout.html\">Les photos ici.<\/a><\/p>\n","protected":false},"excerpt":{"rendered":"<p>Le rendez-vous est fix\u00e9 \u00e0 Tourves, sur la place du village. Fabrice et Maurice sont \u00e0 l\u2019heure, mais Philippe se fait attendre. Il arrive vers 8h45 avec Julien \u00e0 qui il a confi\u00e9 son ancien VTT. Apr\u00e8s notre inscription, nous nous lan\u00e7ons sur les 55 Km \u00e0 9h00. C\u2019est d\u00e9j\u00e0 tard. Une fois de plus [&hellip;]<\/p>\n","protected":false},"author":1,"featured_media":0,"comment_status":"open","ping_status":"open","sticky":false,"template":"","format":"standard","meta":{"footnotes":""},"categories":[1],"tags":[17,7],"class_list":["post-35","post","type-post","status-publish","format-standard","hentry","category-non-classe","tag-sortie","tag-vtt"],"_links":{"self":[{"href":"http:\/\/www.acbedoulen.fr\/wp\/index.php?rest_route=\/wp\/v2\/posts\/35","targetHints":{"allow":["GET"]}}],"collection":[{"href":"http:\/\/www.acbedoulen.fr\/wp\/index.php?rest_route=\/wp\/v2\/posts"}],"about":[{"href":"http:\/\/www.acbedoulen.fr\/wp\/index.php?rest_route=\/wp\/v2\/types\/post"}],"author":[{"embeddable":true,"href":"http:\/\/www.acbedoulen.fr\/wp\/index.php?rest_route=\/wp\/v2\/users\/1"}],"replies":[{"embeddable":true,"href":"http:\/\/www.acbedoulen.fr\/wp\/index.php?rest_route=%2Fwp%2Fv2%2Fcomments&post=35"}],"version-history":[{"count":1,"href":"http:\/\/www.acbedoulen.fr\/wp\/index.php?rest_route=\/wp\/v2\/posts\/35\/revisions"}],"predecessor-version":[{"id":210,"href":"http:\/\/www.acbedoulen.fr\/wp\/index.php?rest_route=\/wp\/v2\/posts\/35\/revisions\/210"}],"wp:attachment":[{"href":"http:\/\/www.acbedoulen.fr\/wp\/index.php?rest_route=%2Fwp%2Fv2%2Fmedia&parent=35"}],"wp:term":[{"taxonomy":"category","embeddable":true,"href":"http:\/\/www.acbedoulen.fr\/wp\/index.php?rest_route=%2Fwp%2Fv2%2Fcategories&post=35"},{"taxonomy":"post_tag","embeddable":true,"href":"http:\/\/www.acbedoulen.fr\/wp\/index.php?rest_route=%2Fwp%2Fv2%2Ftags&post=35"}],"curies":[{"name":"wp","href":"https:\/\/api.w.org\/{rel}","templated":true}]}}