{"id":1043,"date":"2020-09-06T23:17:03","date_gmt":"2020-09-06T22:17:03","guid":{"rendered":"http:\/\/www.acbedoulen.fr\/wp\/?p=1043"},"modified":"2020-09-06T23:19:28","modified_gmt":"2020-09-06T22:19:28","slug":"reprise-et-informations","status":"publish","type":"post","link":"http:\/\/www.acbedoulen.fr\/wp\/?p=1043","title":{"rendered":"Reprise et informations"},"content":{"rendered":"\n<p>Dans la foul\u00e9e du forum des associations, le club a enfin repris ses activit\u00e9s apr\u00e8s quelques mois de pause forc\u00e9e&#8230;<\/p>\n\n\n\n<p>Ce samedi 5 septembre, nous \u00e9tions d\u00e9j\u00e0 nombreux &#8211; malgr\u00e9 quelques absents &#8211; pour cette sortie VTT de reprise de contact. Quelques nouveaux sont d\u00e9j\u00e0 venus pour se renseigner, et faire une premi\u00e8re ballade avec nous.<\/p>\n\n\n\n<p>Si vous aussi voulez vous joindre \u00e0 nous, vous pouvez contacter Jean-Paul au 06 08 06 77 24, ou Michel au 06 08 32 76 45, ou nous envoyer un e-mail \u00e0 contact@acbedoulen.fr. Mais le mieux, c&rsquo;est peut-\u00eatre encore de venir nous voir au d\u00e9part des sorties avec les enfants des samedi 12 et 19 septembre, vers 13h30, devant le club (entre les pompiers et l&rsquo;\u00e9cole primaire). \u00c0 bient\u00f4t !<\/p>\n","protected":false},"excerpt":{"rendered":"<p>Dans la foul\u00e9e du forum des associations, le club a enfin repris ses activit\u00e9s apr\u00e8s quelques mois de pause forc\u00e9e&#8230; Ce samedi 5 septembre, nous \u00e9tions d\u00e9j\u00e0 nombreux &#8211; malgr\u00e9 quelques absents &#8211; pour cette sortie VTT de reprise de contact. Quelques nouveaux sont d\u00e9j\u00e0 venus pour se renseigner, et faire une premi\u00e8re ballade avec [&hellip;]<\/p>\n","protected":false},"author":1,"featured_media":0,"comment_status":"closed","ping_status":"open","sticky":false,"template":"","format":"standard","meta":{"footnotes":""},"categories":[1],"tags":[],"class_list":["post-1043","post","type-post","status-publish","format-standard","hentry","category-non-classe"],"_links":{"self":[{"href":"http:\/\/www.acbedoulen.fr\/wp\/index.php?rest_route=\/wp\/v2\/posts\/1043","targetHints":{"allow":["GET"]}}],"collection":[{"href":"http:\/\/www.acbedoulen.fr\/wp\/index.php?rest_route=\/wp\/v2\/posts"}],"about":[{"href":"http:\/\/www.acbedoulen.fr\/wp\/index.php?rest_route=\/wp\/v2\/types\/post"}],"author":[{"embeddable":true,"href":"http:\/\/www.acbedoulen.fr\/wp\/index.php?rest_route=\/wp\/v2\/users\/1"}],"replies":[{"embeddable":true,"href":"http:\/\/www.acbedoulen.fr\/wp\/index.php?rest_route=%2Fwp%2Fv2%2Fcomments&post=1043"}],"version-history":[{"count":2,"href":"http:\/\/www.acbedoulen.fr\/wp\/index.php?rest_route=\/wp\/v2\/posts\/1043\/revisions"}],"predecessor-version":[{"id":1045,"href":"http:\/\/www.acbedoulen.fr\/wp\/index.php?rest_route=\/wp\/v2\/posts\/1043\/revisions\/1045"}],"wp:attachment":[{"href":"http:\/\/www.acbedoulen.fr\/wp\/index.php?rest_route=%2Fwp%2Fv2%2Fmedia&parent=1043"}],"wp:term":[{"taxonomy":"category","embeddable":true,"href":"http:\/\/www.acbedoulen.fr\/wp\/index.php?rest_route=%2Fwp%2Fv2%2Fcategories&post=1043"},{"taxonomy":"post_tag","embeddable":true,"href":"http:\/\/www.acbedoulen.fr\/wp\/index.php?rest_route=%2Fwp%2Fv2%2Ftags&post=1043"}],"curies":[{"name":"wp","href":"https:\/\/api.w.org\/{rel}","templated":true}]}}